{"id":120920,"date":"2021-07-09T13:48:06","date_gmt":"2021-07-09T17:48:06","guid":{"rendered":"https:\/\/linitiative.ca\/International\/covid-19-la-vaccination-elargie-a-la-tranche-dage-35-39-ans\/"},"modified":"2021-07-09T13:48:06","modified_gmt":"2021-07-09T17:48:06","slug":"covid-19-la-vaccination-elargie-a-la-tranche-dage-35-39-ans","status":"publish","type":"post","link":"https:\/\/linitiative.ca\/International\/covid-19-la-vaccination-elargie-a-la-tranche-dage-35-39-ans\/","title":{"rendered":"Covid-19: La vaccination \u00e9largie \u00e0 la tranche d\u2019\u00e2ge 35-39 ans"},"content":{"rendered":"<div>\n<div style=\"margin-bottom:20px;\"><img loading=\"lazy\" decoding=\"async\" width=\"750\" height=\"430\" src=\"https:\/\/linitiative.ca\/International\/wp-content\/uploads\/sites\/23\/2021\/07\/Campagne-de-vaccination-contre-la-Covid-19-750C397430-MAP-1-1.jpg\" class=\"attachment-post-thumbnail size-post-thumbnail wp-post-image\" alt=\"\" srcset=\"https:\/\/linitiative.ca\/International\/wp-content\/uploads\/sites\/23\/2021\/07\/Campagne-de-vaccination-contre-la-Covid-19-750C397430-MAP-1-1.jpg 750w, http:\/\/www.mapoujda.ma\/map\/uploads\/2021\/02\/Campagne-de-vaccination-contre-la-Covid-19-750\u00d7430-MAP-1-300x172.jpg 300w\" sizes=\"auto, (max-width: 750px) 100vw, 750px\"><\/div>\n<p style=\"text-align: justify;\">La campagne nationale de vaccination contre le nouveau coronavirus (Covid-19) a \u00e9t\u00e9 \u00e9largie aux personnes \u00e2g\u00e9es entre 35 et 39 ans, a annonc\u00e9 vendredi le minist\u00e8re de la Sant\u00e9.<\/p>\n<p style=\"text-align: justify;\">\u00c0 ce jour, le\u00a0nombre de primo-vaccin\u00e9s dans le Royaume est de 10.349.861, tandis que celui des personnes compl\u00e8tement vaccin\u00e9es (1\u00e8re et 2\u00e8me doses) s\u2019\u00e9l\u00e8ve \u00e0 9.220.292.<\/p>\n<p>L\u2019article <a rel=\"nofollow\" href=\"http:\/\/www.mapoujda.ma\/fr\/covid-19-la-vaccination-elargie-a-la-tranche-dage-35-39-ans\/\">Covid-19: La vaccination \u00e9largie \u00e0 la tranche d\u2019\u00e2ge 35-39 ans<\/a> est apparu en premier sur <a rel=\"nofollow\" href=\"http:\/\/www.mapoujda.ma\/fr\">MapOujda<\/a>.<\/p>\n<\/div>\n<p>Auteur: Soufiane ELAHMAR<br \/>\n<a href=\"http:\/\/www.mapoujda.ma\/fr\/covid-19-la-vaccination-elargie-a-la-tranche-dage-35-39-ans\/\">Cliquez ici pour lire l&rsquo;article depuis sa source.<\/a><\/p>\n","protected":false},"excerpt":{"rendered":"<p>La campagne nationale de vaccination contre le nouveau coronavirus (Covid-19) a \u00e9t\u00e9 \u00e9largie aux personnes \u00e2g\u00e9es entre 35 et 39 ans, a annonc\u00e9 vendredi le minist\u00e8re de la Sant\u00e9. \u00c0 ce jour, le\u00a0nombre de primo-vaccin\u00e9s dans le Royaume est de 10.349.861, tandis que celui des personnes compl\u00e8tement vaccin\u00e9es (1\u00e8re et 2\u00e8me doses) s\u2019\u00e9l\u00e8ve \u00e0 9.220.292. [&hellip;]<\/p>\n","protected":false},"author":1788,"featured_media":0,"comment_status":"closed","ping_status":"closed","sticky":false,"template":"","format":"standard","meta":{"fifu_image_url":"http:\/\/www.mapoujda.ma\/map\/uploads\/2021\/02\/Campagne-de-vaccination-contre-la-Covid-19-750\u00d7430-MAP-1.jpg","fifu_image_alt":"Covid-19: La vaccination \u00e9largie \u00e0 la tranche d\u2019\u00e2ge 35-39 ans","footnotes":""},"categories":[54,76],"tags":[],"class_list":["post-120920","post","type-post","status-publish","format-standard","hentry","category-maroc","category-regions"],"_links":{"self":[{"href":"https:\/\/linitiative.ca\/International\/wp-json\/wp\/v2\/posts\/120920","targetHints":{"allow":["GET"]}}],"collection":[{"href":"https:\/\/linitiative.ca\/International\/wp-json\/wp\/v2\/posts"}],"about":[{"href":"https:\/\/linitiative.ca\/International\/wp-json\/wp\/v2\/types\/post"}],"author":[{"embeddable":true,"href":"https:\/\/linitiative.ca\/International\/wp-json\/wp\/v2\/users\/1788"}],"replies":[{"embeddable":true,"href":"https:\/\/linitiative.ca\/International\/wp-json\/wp\/v2\/comments?post=120920"}],"version-history":[{"count":0,"href":"https:\/\/linitiative.ca\/International\/wp-json\/wp\/v2\/posts\/120920\/revisions"}],"wp:attachment":[{"href":"https:\/\/linitiative.ca\/International\/wp-json\/wp\/v2\/media?parent=120920"}],"wp:term":[{"taxonomy":"category","embeddable":true,"href":"https:\/\/linitiative.ca\/International\/wp-json\/wp\/v2\/categories?post=120920"},{"taxonomy":"post_tag","embeddable":true,"href":"https:\/\/linitiative.ca\/International\/wp-json\/wp\/v2\/tags?post=120920"}],"curies":[{"name":"wp","href":"https:\/\/api.w.org\/{rel}","templated":true}]}}