{"id":120922,"date":"2021-07-09T06:15:28","date_gmt":"2021-07-09T10:15:28","guid":{"rendered":"https:\/\/linitiative.ca\/International\/covid-astrazeneca-envisage-une-3e-dose-de-vaccin\/"},"modified":"2021-07-09T06:15:28","modified_gmt":"2021-07-09T10:15:28","slug":"covid-astrazeneca-envisage-une-3e-dose-de-vaccin","status":"publish","type":"post","link":"https:\/\/linitiative.ca\/International\/covid-astrazeneca-envisage-une-3e-dose-de-vaccin\/","title":{"rendered":"Covid: AstraZeneca envisage une 3\u00e8 dose de vaccin"},"content":{"rendered":"<div>\n<div class=\"field field-name-body field-type-text-with-summary field-label-hidden\">\n<div class=\"field-items\">\n<div class=\"field-item even\" property=\"content:encoded\">\n<p class=\"rtejustify\">Apr\u00e8s Pfizer-BioNTech, le pr\u00e9sident d&rsquo;AstraZeneca, France Olivier Nataf, a annonc\u00e9, vendredi, que le laboratoire envisage lui aussi de demander une autorisation pour une 3\u00e8me dose de vaccin modifi\u00e9 qui serait plus efficace contre les variants.<\/p>\n<\/div>\n<\/div>\n<\/div>\n<\/div>\n<p>Auteur: mbasraoui<br \/>\n<a href=\"https:\/\/www.leconomiste.com\/flash-infos\/covid-astrazeneca-envisage-une-3e-dose-de-vaccin\">Cliquez ici pour lire l&rsquo;article depuis sa source.<\/a><\/p>\n","protected":false},"excerpt":{"rendered":"<p>Apr\u00e8s Pfizer-BioNTech, le pr\u00e9sident d&rsquo;AstraZeneca, France Olivier Nataf, a annonc\u00e9, vendredi, que le laboratoire envisage lui aussi de demander une autorisation pour une 3\u00e8me dose de vaccin modifi\u00e9 qui serait plus efficace contre les variants. Auteur: mbasraoui Cliquez ici pour lire l&rsquo;article depuis sa source.<\/p>\n","protected":false},"author":1763,"featured_media":0,"comment_status":"closed","ping_status":"closed","sticky":false,"template":"","format":"standard","meta":{"fifu_image_url":"","fifu_image_alt":"","footnotes":""},"categories":[78,54],"tags":[],"class_list":["post-120922","post","type-post","status-publish","format-standard","hentry","category-economie","category-maroc"],"_links":{"self":[{"href":"https:\/\/linitiative.ca\/International\/wp-json\/wp\/v2\/posts\/120922","targetHints":{"allow":["GET"]}}],"collection":[{"href":"https:\/\/linitiative.ca\/International\/wp-json\/wp\/v2\/posts"}],"about":[{"href":"https:\/\/linitiative.ca\/International\/wp-json\/wp\/v2\/types\/post"}],"author":[{"embeddable":true,"href":"https:\/\/linitiative.ca\/International\/wp-json\/wp\/v2\/users\/1763"}],"replies":[{"embeddable":true,"href":"https:\/\/linitiative.ca\/International\/wp-json\/wp\/v2\/comments?post=120922"}],"version-history":[{"count":0,"href":"https:\/\/linitiative.ca\/International\/wp-json\/wp\/v2\/posts\/120922\/revisions"}],"wp:attachment":[{"href":"https:\/\/linitiative.ca\/International\/wp-json\/wp\/v2\/media?parent=120922"}],"wp:term":[{"taxonomy":"category","embeddable":true,"href":"https:\/\/linitiative.ca\/International\/wp-json\/wp\/v2\/categories?post=120922"},{"taxonomy":"post_tag","embeddable":true,"href":"https:\/\/linitiative.ca\/International\/wp-json\/wp\/v2\/tags?post=120922"}],"curies":[{"name":"wp","href":"https:\/\/api.w.org\/{rel}","templated":true}]}}