{"id":120923,"date":"2021-07-09T07:01:37","date_gmt":"2021-07-09T11:01:37","guid":{"rendered":"https:\/\/linitiative.ca\/International\/femmes-fonctionnaires-les-ayants-droit-beneficient-de-la-reversion-de-la-retraite\/"},"modified":"2021-07-09T07:01:37","modified_gmt":"2021-07-09T11:01:37","slug":"femmes-fonctionnaires-les-ayants-droit-beneficient-de-la-reversion-de-la-retraite","status":"publish","type":"post","link":"https:\/\/linitiative.ca\/International\/femmes-fonctionnaires-les-ayants-droit-beneficient-de-la-reversion-de-la-retraite\/","title":{"rendered":"Femmes fonctionnaires: Les ayants droit b\u00e9n\u00e9ficient de la r\u00e9version de la retraite"},"content":{"rendered":"<div>\n<div class=\"field field-name-body field-type-text-with-summary field-label-hidden\">\n<div class=\"field-items\">\n<div class=\"field-item even\" property=\"content:encoded\">\n<p class=\"rtejustify\">Le minist\u00e8re de l\u2019\u00c9conomie, des finances et de la r\u00e9forme de l\u2019administration, d\u00e9partement de la R\u00e9forme de l&rsquo;Administration, a affirm\u00e9, jeudi, que les ayants droit b\u00e9n\u00e9ficient de la r\u00e9version de la pension de retraite de la fonctionnaire d\u00e9c\u00e9d\u00e9e, rejetant l&rsquo;existence de toute mesure \u00ab\u00a0discriminatoire\u00a0\u00bb envers les femmes sur cette question.<\/p>\n<\/div>\n<\/div>\n<\/div>\n<\/div>\n<p>Auteur: mbasraoui<br \/>\n<a href=\"https:\/\/www.leconomiste.com\/flash-infos\/femmes-fonctionnaires-les-ayants-droit-beneficient-de-la-reversion-de-la-retraite\">Cliquez ici pour lire l&rsquo;article depuis sa source.<\/a><\/p>\n","protected":false},"excerpt":{"rendered":"<p>Le minist\u00e8re de l\u2019\u00c9conomie, des finances et de la r\u00e9forme de l\u2019administration, d\u00e9partement de la R\u00e9forme de l&rsquo;Administration, a affirm\u00e9, jeudi, que les ayants droit b\u00e9n\u00e9ficient de la r\u00e9version de la pension de retraite de la fonctionnaire d\u00e9c\u00e9d\u00e9e, rejetant l&rsquo;existence de toute mesure \u00ab\u00a0discriminatoire\u00a0\u00bb envers les femmes sur cette question. Auteur: mbasraoui Cliquez ici pour [&hellip;]<\/p>\n","protected":false},"author":1763,"featured_media":0,"comment_status":"closed","ping_status":"closed","sticky":false,"template":"","format":"standard","meta":{"fifu_image_url":"","fifu_image_alt":"","footnotes":""},"categories":[78,54],"tags":[],"class_list":["post-120923","post","type-post","status-publish","format-standard","hentry","category-economie","category-maroc"],"_links":{"self":[{"href":"https:\/\/linitiative.ca\/International\/wp-json\/wp\/v2\/posts\/120923","targetHints":{"allow":["GET"]}}],"collection":[{"href":"https:\/\/linitiative.ca\/International\/wp-json\/wp\/v2\/posts"}],"about":[{"href":"https:\/\/linitiative.ca\/International\/wp-json\/wp\/v2\/types\/post"}],"author":[{"embeddable":true,"href":"https:\/\/linitiative.ca\/International\/wp-json\/wp\/v2\/users\/1763"}],"replies":[{"embeddable":true,"href":"https:\/\/linitiative.ca\/International\/wp-json\/wp\/v2\/comments?post=120923"}],"version-history":[{"count":0,"href":"https:\/\/linitiative.ca\/International\/wp-json\/wp\/v2\/posts\/120923\/revisions"}],"wp:attachment":[{"href":"https:\/\/linitiative.ca\/International\/wp-json\/wp\/v2\/media?parent=120923"}],"wp:term":[{"taxonomy":"category","embeddable":true,"href":"https:\/\/linitiative.ca\/International\/wp-json\/wp\/v2\/categories?post=120923"},{"taxonomy":"post_tag","embeddable":true,"href":"https:\/\/linitiative.ca\/International\/wp-json\/wp\/v2\/tags?post=120923"}],"curies":[{"name":"wp","href":"https:\/\/api.w.org\/{rel}","templated":true}]}}