{"id":120924,"date":"2021-07-09T08:36:51","date_gmt":"2021-07-09T12:36:51","guid":{"rendered":"https:\/\/linitiative.ca\/International\/reforme-fiscale-les-representants-approuvent-le-projet-de-loi-cadre\/"},"modified":"2021-07-09T08:36:51","modified_gmt":"2021-07-09T12:36:51","slug":"reforme-fiscale-les-representants-approuvent-le-projet-de-loi-cadre","status":"publish","type":"post","link":"https:\/\/linitiative.ca\/International\/reforme-fiscale-les-representants-approuvent-le-projet-de-loi-cadre\/","title":{"rendered":"R\u00e9forme fiscale: les repr\u00e9sentants approuvent le projet de loi-cadre"},"content":{"rendered":"<div>\n<div class=\"field field-name-body field-type-text-with-summary field-label-hidden\">\n<div class=\"field-items\">\n<div class=\"field-item even\" property=\"content:encoded\">\n<p class=\"rtejustify\">La Chambre des repr\u00e9sentants a approuv\u00e9 \u00e0 l&rsquo;unanimit\u00e9, jeudi en s\u00e9ance pl\u00e9ni\u00e8re, le projet de loi-cadre n\u00b069-19 relatif \u00e0 la r\u00e9forme fiscale. Le texte vise \u00e0 d\u00e9finir le cadre r\u00e9f\u00e9rentiel de la politique de l&rsquo;\u00c9tat en mati\u00e8re de r\u00e9forme fiscale.<\/p>\n<\/div>\n<\/div>\n<\/div>\n<\/div>\n<p>Auteur: mbasraoui<br \/>\n<a href=\"https:\/\/www.leconomiste.com\/flash-infos\/reforme-fiscale-les-representants-approuvent-le-projet-de-loi-cadre\">Cliquez ici pour lire l&rsquo;article depuis sa source.<\/a><\/p>\n","protected":false},"excerpt":{"rendered":"<p>La Chambre des repr\u00e9sentants a approuv\u00e9 \u00e0 l&rsquo;unanimit\u00e9, jeudi en s\u00e9ance pl\u00e9ni\u00e8re, le projet de loi-cadre n\u00b069-19 relatif \u00e0 la r\u00e9forme fiscale. Le texte vise \u00e0 d\u00e9finir le cadre r\u00e9f\u00e9rentiel de la politique de l&rsquo;\u00c9tat en mati\u00e8re de r\u00e9forme fiscale. Auteur: mbasraoui Cliquez ici pour lire l&rsquo;article depuis sa source.<\/p>\n","protected":false},"author":1763,"featured_media":0,"comment_status":"closed","ping_status":"closed","sticky":false,"template":"","format":"standard","meta":{"fifu_image_url":"","fifu_image_alt":"","footnotes":""},"categories":[78,54],"tags":[],"class_list":["post-120924","post","type-post","status-publish","format-standard","hentry","category-economie","category-maroc"],"_links":{"self":[{"href":"https:\/\/linitiative.ca\/International\/wp-json\/wp\/v2\/posts\/120924","targetHints":{"allow":["GET"]}}],"collection":[{"href":"https:\/\/linitiative.ca\/International\/wp-json\/wp\/v2\/posts"}],"about":[{"href":"https:\/\/linitiative.ca\/International\/wp-json\/wp\/v2\/types\/post"}],"author":[{"embeddable":true,"href":"https:\/\/linitiative.ca\/International\/wp-json\/wp\/v2\/users\/1763"}],"replies":[{"embeddable":true,"href":"https:\/\/linitiative.ca\/International\/wp-json\/wp\/v2\/comments?post=120924"}],"version-history":[{"count":0,"href":"https:\/\/linitiative.ca\/International\/wp-json\/wp\/v2\/posts\/120924\/revisions"}],"wp:attachment":[{"href":"https:\/\/linitiative.ca\/International\/wp-json\/wp\/v2\/media?parent=120924"}],"wp:term":[{"taxonomy":"category","embeddable":true,"href":"https:\/\/linitiative.ca\/International\/wp-json\/wp\/v2\/categories?post=120924"},{"taxonomy":"post_tag","embeddable":true,"href":"https:\/\/linitiative.ca\/International\/wp-json\/wp\/v2\/tags?post=120924"}],"curies":[{"name":"wp","href":"https:\/\/api.w.org\/{rel}","templated":true}]}}