{"id":120932,"date":"2021-07-09T11:40:45","date_gmt":"2021-07-09T15:40:45","guid":{"rendered":"https:\/\/linitiative.ca\/International\/khenchela-kamel-beldjoud-annonce-lacquisition-prochaine-davions-anti-incendies\/"},"modified":"2021-07-09T11:40:45","modified_gmt":"2021-07-09T15:40:45","slug":"khenchela-kamel-beldjoud-annonce-lacquisition-prochaine-davions-anti-incendies","status":"publish","type":"post","link":"https:\/\/linitiative.ca\/International\/khenchela-kamel-beldjoud-annonce-lacquisition-prochaine-davions-anti-incendies\/","title":{"rendered":"Khenchela : Kamel Beldjoud annonce l\u2019acquisition prochaine d\u2019avions anti-incendies"},"content":{"rendered":"<div>\n<div class=\"sriret\"><img loading=\"lazy\" decoding=\"async\" width=\"1040\" height=\"780\" src=\"https:\/\/linitiative.ca\/International\/wp-content\/uploads\/sites\/23\/2021\/07\/Kamel-Beldjoud-C3A0-Khenchela.jpg\" class=\"attachment-featured_large size-featured_large wp-post-image\" alt=\"\" style=\"margin-bottom: 15px;\" srcset=\"https:\/\/linitiative.ca\/International\/wp-content\/uploads\/sites\/23\/2021\/07\/Kamel-Beldjoud-C3A0-Khenchela.jpg 1040w, https:\/\/www.elwatan.com\/wp-content\/uploads\/2021\/07\/Kamel-Beldjoud-\u00e0-Khenchela-300x225.jpg 300w, https:\/\/www.elwatan.com\/wp-content\/uploads\/2021\/07\/Kamel-Beldjoud-\u00e0-Khenchela-768x576.jpg 768w, https:\/\/www.elwatan.com\/wp-content\/uploads\/2021\/07\/Kamel-Beldjoud-\u00e0-Khenchela-1024x768.jpg 1024w\" sizes=\"auto, (max-width: 1040px) 100vw, 1040px\"><\/div>\n<p><strong><em>Le ministre de l\u2019Int\u00e9rieur, des Collectivit\u00e9s locales et de l\u2019Am\u00e9nagement du territoire, Kamel Beldjoud, a affirm\u00e9 vendredi 9 juillet depuis la commune de Bouhmama (wilaya de Khenchela), que \u00abdes avions anti-incendies seront prochainement acquis\u00bb\u00a0\u00bb.<\/em> <\/strong><\/p>\n<p><em>\u00abUn cahier des charges a \u00e9t\u00e9 \u00e9labor\u00e9 \u00e0 cet \u00e9gard et nous sommes en contact avec des Soci\u00e9t\u00e9s internationales activant dans ce domaine\u00bb<\/em>, a pr\u00e9cis\u00e9 M. Beldjoud, qui \u00e9tait accompagn\u00e9 par le ministre de l\u2019Agriculture et du D\u00e9veloppement rural, Abdelhamid Hamdani, lors de son inspection du centre de commandement de la Protection civile \u00e0 Bouhmama, dans le cadre d\u2019une visite de travail et d\u2019inspection \u00e0 Khenchela pour s\u2019enqu\u00e9rir de la situation suite aux incendies qui se sont d\u00e9clar\u00e9s dans la r\u00e9gion.<\/p>\n<p>Le ministre a ajout\u00e9, dans ce contexte, que <em>\u00ables moyens existent et ces avions seront disponibles dans le pays d\u00e8s que les fournisseurs les livreront\u00bb.<\/em><\/p>\n<p>S\u2019agissant des incendies de Khenchela, M. Beldjoud a soulign\u00e9 que <em>\u00abtous les moyens mat\u00e9riels et humains pour \u00e9teindre les feux qui se sont d\u00e9clar\u00e9s dimanche dernier ont \u00e9t\u00e9 fournis, avec la mobilisation de plus de 2 500 \u00e9l\u00e9ments de la Protection civile et de la conservation des for\u00eats, 60 bulldozers et engins lourds, 140 camions citernes, en plus de deux h\u00e9licopt\u00e8res\u00bb. <\/em><\/p>\n<p>Le ministre a salu\u00e9, \u00e0 cette occasion, les unit\u00e9s de l\u2019Arm\u00e9e nationale populaire (ANP) qui sont intervenues pour ouvrir les pistes foresti\u00e8res \u00e0 Tamza et Ch\u00e9lia afin de faciliter l\u2019op\u00e9ration d\u2019extinction des feux, et exprim\u00e9 \u00e9galement ses remerciement aux citoyens qui se sont port\u00e9s volontaires pour contribuer \u00e0 l\u2019op\u00e9ration en les qualifiant d\u2019\u00a0\u00bbhonorables\u00a0\u00bb.<\/p>\n<p>M. Beldjoud a \u00e9galement affirm\u00e9 que le pr\u00e9sident de la R\u00e9publique, Abdelmadjid Tebboune, et le Premier ministre et ministre des Finances, A\u00efmene Benabderrahmane, suivent de pr\u00e8s la situation \u00e0 Khenchela depuis le 4 juillet courant.<\/p>\n<p>Et d\u2019ajouter :<em> \u00abJe suis en contact quotidiennement avec le wali de Khenchela pour conna\u00eetre l\u2019\u00e9volution de la situation et fournir tout ce qui est n\u00e9cessaire\u00bb<\/em>.<\/p>\n<p>Lors de sa rencontre avec les citoyens habitant dans les p\u00e9rim\u00e8tres forestiers des communes de Tamza, Bouhmama et Ch\u00e9lia, M. Beldjoud a \u00e9cout\u00e9, en compagnie du ministre de l\u2019Agriculture et du D\u00e9veloppement rural, leurs pr\u00e9occupations et s\u2019est engag\u00e9 \u00e0 les transmettre au Premier ministre et aux ministres concern\u00e9s, notamment celle relative \u00e0 la r\u00e9alisation d\u2019un barrage au niveau de la plaine Mellagou \u00e0 Bouhmama.<\/p>\n<p>S\u2019agissant de l\u2019ouverture et l\u2019am\u00e9nagement de pistes foresti\u00e8res, M. Beldjoud a fait \u00e9tat de l\u2019inscription de projets de r\u00e9alisation de 300 km de pistes, \u00e0 savoir l\u2019am\u00e9nagement de 200 km de pistes \u00e0 l\u2019int\u00e9rieur des for\u00eats et l\u2019ouverture de 100 km de pistes.<\/p>\n<p style=\"text-align: right;\"><strong><em>APS<\/em><\/strong><\/p>\n<p>L\u2019article <a rel=\"nofollow\" href=\"https:\/\/www.elwatan.com\/edition\/actualite\/khenchela-kamel-beldjoud-annonce-lacquisition-prochaine-davions-anti-incendies-09-07-2021\">Khenchela : Kamel Beldjoud annonce l\u2019acquisition prochaine d\u2019avions anti-incendies<\/a> est apparu en premier sur <a rel=\"nofollow\" href=\"https:\/\/www.elwatan.com\/\">El Watan<\/a>.<\/p>\n<\/div>\n<p>Auteur: Mohand Yahiaoui<br \/>\n<a href=\"https:\/\/www.elwatan.com\/edition\/actualite\/khenchela-kamel-beldjoud-annonce-lacquisition-prochaine-davions-anti-incendies-09-07-2021\">Cliquez ici pour lire l&rsquo;article depuis sa source.<\/a><\/p>\n","protected":false},"excerpt":{"rendered":"<p>Le ministre de l\u2019Int\u00e9rieur, des Collectivit\u00e9s locales et de l\u2019Am\u00e9nagement du territoire, Kamel Beldjoud, a affirm\u00e9 vendredi 9 juillet depuis la commune de Bouhmama (wilaya de Khenchela), que \u00abdes avions anti-incendies seront prochainement acquis\u00bb\u00a0\u00bb. \u00abUn cahier des charges a \u00e9t\u00e9 \u00e9labor\u00e9 \u00e0 cet \u00e9gard et nous sommes en contact avec des Soci\u00e9t\u00e9s internationales activant dans [&hellip;]<\/p>\n","protected":false},"author":1743,"featured_media":0,"comment_status":"closed","ping_status":"closed","sticky":false,"template":"","format":"standard","meta":{"fifu_image_url":"https:\/\/www.elwatan.com\/wp-content\/uploads\/2021\/07\/Kamel-Beldjoud-\u00e0-Khenchela.jpg","fifu_image_alt":"Khenchela : Kamel Beldjoud annonce l\u2019acquisition prochaine d\u2019avions anti-incendies","footnotes":""},"categories":[73,53],"tags":[],"class_list":["post-120932","post","type-post","status-publish","format-standard","hentry","category-actualite","category-algerie"],"_links":{"self":[{"href":"https:\/\/linitiative.ca\/International\/wp-json\/wp\/v2\/posts\/120932","targetHints":{"allow":["GET"]}}],"collection":[{"href":"https:\/\/linitiative.ca\/International\/wp-json\/wp\/v2\/posts"}],"about":[{"href":"https:\/\/linitiative.ca\/International\/wp-json\/wp\/v2\/types\/post"}],"author":[{"embeddable":true,"href":"https:\/\/linitiative.ca\/International\/wp-json\/wp\/v2\/users\/1743"}],"replies":[{"embeddable":true,"href":"https:\/\/linitiative.ca\/International\/wp-json\/wp\/v2\/comments?post=120932"}],"version-history":[{"count":0,"href":"https:\/\/linitiative.ca\/International\/wp-json\/wp\/v2\/posts\/120932\/revisions"}],"wp:attachment":[{"href":"https:\/\/linitiative.ca\/International\/wp-json\/wp\/v2\/media?parent=120932"}],"wp:term":[{"taxonomy":"category","embeddable":true,"href":"https:\/\/linitiative.ca\/International\/wp-json\/wp\/v2\/categories?post=120932"},{"taxonomy":"post_tag","embeddable":true,"href":"https:\/\/linitiative.ca\/International\/wp-json\/wp\/v2\/tags?post=120932"}],"curies":[{"name":"wp","href":"https:\/\/api.w.org\/{rel}","templated":true}]}}