{"id":120934,"date":"2021-07-09T04:42:00","date_gmt":"2021-07-09T08:42:00","guid":{"rendered":"https:\/\/linitiative.ca\/International\/nizar-yaiche-nomme-au-sein-du-leadership-team-mondial-de-pwc\/"},"modified":"2021-07-09T04:42:00","modified_gmt":"2021-07-09T08:42:00","slug":"nizar-yaiche-nomme-au-sein-du-leadership-team-mondial-de-pwc","status":"publish","type":"post","link":"https:\/\/linitiative.ca\/International\/nizar-yaiche-nomme-au-sein-du-leadership-team-mondial-de-pwc\/","title":{"rendered":"Nizar Ya\u00efche nomm\u00e9 au sein du Leadership Team mondial de PwC"},"content":{"rendered":"<div><img decoding=\"async\" src=\"https:\/\/linitiative.ca\/International\/wp-content\/uploads\/sites\/23\/2021\/07\/1625817107_article.jpg\" alt=\"Nizar Ya\u00efche nomm\u00e9 au sein du Leadership Team mondial de PwC\" align=\"left\">L\u2019ancien ministre des Finances Nizar Ya\u00efche a \u00e9t\u00e9 nomm\u00e9 par le g\u00e9ant mondial de l\u2019audit et du conseil PwC au sein de sa Leadership Team qui op\u00e8re \u00e0 l\u2019\u00e9chelle mondiale. En plus de ses responsabilit\u00e9s r\u00e9gionales dans le domaine de l\u2019aide au d\u00e9veloppement, Nizar Ya\u00efche interviendra \u00e0 l\u2019\u00e9chelle mondiale aupr\u00e8s des gouvernements et des administrations publiques pour affiner et mettre en \u0153uvre leurs strat\u00e9gies, notamment en mati\u00e8re technologiques et de transformation digitale.<br \/>\nPr\u00e9sent dans plus de 180 pays avec plus de 280\u00a0000 collaborateurs et g\u00e9n\u00e9rant 45 milliards de dollars de chiffre d\u2019affaires, PwC, a annonc\u00e9, y a moins d\u2019un mois, une nouvelle strat\u00e9gie &#8230;<\/p>\n<\/div>\n<p>Auteur:<br \/>\n<a href=\"https:\/\/www.leaders.com.tn\/article\/32130-nizar-yaiche-nomme-au-sein-du-leadership-team-mondial-de-pwc\">Cliquez ici pour lire l&rsquo;article depuis sa source.<\/a><\/p>\n","protected":false},"excerpt":{"rendered":"<p>L\u2019ancien ministre des Finances Nizar Ya\u00efche a \u00e9t\u00e9 nomm\u00e9 par le g\u00e9ant mondial de l\u2019audit et du conseil PwC au sein de sa Leadership Team qui op\u00e8re \u00e0 l\u2019\u00e9chelle mondiale. En plus de ses responsabilit\u00e9s r\u00e9gionales dans le domaine de l\u2019aide au d\u00e9veloppement, Nizar Ya\u00efche interviendra \u00e0 l\u2019\u00e9chelle mondiale aupr\u00e8s des gouvernements et des administrations [&hellip;]<\/p>\n","protected":false},"author":1772,"featured_media":0,"comment_status":"closed","ping_status":"closed","sticky":false,"template":"","format":"standard","meta":{"fifu_image_url":"http:\/\/www.leaders.com.tn\/uploads\/content\/thumbnails_small\/1625817107_article.jpg","fifu_image_alt":"Nizar Ya\u00efche nomm\u00e9 au sein du Leadership Team mondial de PwC","footnotes":""},"categories":[73,55],"tags":[],"class_list":["post-120934","post","type-post","status-publish","format-standard","hentry","category-actualite","category-tunisie"],"_links":{"self":[{"href":"https:\/\/linitiative.ca\/International\/wp-json\/wp\/v2\/posts\/120934","targetHints":{"allow":["GET"]}}],"collection":[{"href":"https:\/\/linitiative.ca\/International\/wp-json\/wp\/v2\/posts"}],"about":[{"href":"https:\/\/linitiative.ca\/International\/wp-json\/wp\/v2\/types\/post"}],"author":[{"embeddable":true,"href":"https:\/\/linitiative.ca\/International\/wp-json\/wp\/v2\/users\/1772"}],"replies":[{"embeddable":true,"href":"https:\/\/linitiative.ca\/International\/wp-json\/wp\/v2\/comments?post=120934"}],"version-history":[{"count":0,"href":"https:\/\/linitiative.ca\/International\/wp-json\/wp\/v2\/posts\/120934\/revisions"}],"wp:attachment":[{"href":"https:\/\/linitiative.ca\/International\/wp-json\/wp\/v2\/media?parent=120934"}],"wp:term":[{"taxonomy":"category","embeddable":true,"href":"https:\/\/linitiative.ca\/International\/wp-json\/wp\/v2\/categories?post=120934"},{"taxonomy":"post_tag","embeddable":true,"href":"https:\/\/linitiative.ca\/International\/wp-json\/wp\/v2\/tags?post=120934"}],"curies":[{"name":"wp","href":"https:\/\/api.w.org\/{rel}","templated":true}]}}