{"id":120938,"date":"2021-07-09T13:31:02","date_gmt":"2021-07-09T17:31:02","guid":{"rendered":"https:\/\/linitiative.ca\/International\/coronavirus-la-vaccination-desormais-elargie-aux-personnes-agees-de-35-a-39-ans-ministere\/"},"modified":"2021-07-09T13:31:02","modified_gmt":"2021-07-09T17:31:02","slug":"coronavirus-la-vaccination-desormais-elargie-aux-personnes-agees-de-35-a-39-ans-ministere","status":"publish","type":"post","link":"https:\/\/linitiative.ca\/International\/coronavirus-la-vaccination-desormais-elargie-aux-personnes-agees-de-35-a-39-ans-ministere\/","title":{"rendered":"Coronavirus. La vaccination d\u00e9sormais \u00e9largie aux personnes \u00e2g\u00e9es de 35 \u00e0 39 ans [Minist\u00e8re]"},"content":{"rendered":"<div><img decoding=\"async\" width=\"1600\" height=\"1000\" src=\"https:\/\/linitiative.ca\/International\/wp-content\/uploads\/sites\/23\/2021\/07\/coronavirus-vaccine-147-1.jpg\" class=\"attachment-post-thumbnail size-post-thumbnail wp-post-image\" alt=\"\" loading=\"lazy\" srcset=\"https:\/\/linitiative.ca\/International\/wp-content\/uploads\/sites\/23\/2021\/07\/coronavirus-vaccine-147-1.jpg 1600w, https:\/\/www.challenge.ma\/wp-content\/uploads\/2021\/01\/coronavirus-vaccine-147-1-300x188.jpg 300w, https:\/\/www.challenge.ma\/wp-content\/uploads\/2021\/01\/coronavirus-vaccine-147-1-1024x640.jpg 1024w, https:\/\/www.challenge.ma\/wp-content\/uploads\/2021\/01\/coronavirus-vaccine-147-1-768x480.jpg 768w, https:\/\/www.challenge.ma\/wp-content\/uploads\/2021\/01\/coronavirus-vaccine-147-1-1536x960.jpg 1536w, https:\/\/www.challenge.ma\/wp-content\/uploads\/2021\/01\/coronavirus-vaccine-147-1-360x225.jpg 360w, https:\/\/www.challenge.ma\/wp-content\/uploads\/2021\/01\/coronavirus-vaccine-147-1-750x469.jpg 750w\" sizes=\"auto, (max-width: 1600px) 100vw, 1600px\" itemprop=\"image\">Les personnes \u00e2g\u00e9es de 35 \u00e0 39 ans peuvent d\u00e9sormais acc\u00e9der \u00e0 la vaccination. Les d\u00e9tails. Le minist\u00e8re de la Sant\u00e9 annonce l\u2019\u00e9largissement de la campagne de vaccination pour englober les citoyennes et citoyens dont l\u2019\u00e2ge oscille entre 35 et 39 ans. Le d\u00e9partement de Khalid Ait Taleb exhorte aussi<\/div>\n<p>Auteur: challenge<br \/>\n<a href=\"https:\/\/www.challenge.ma\/coronavirus-la-vaccination-desormais-elargie-aux-personnes-agees-de-35-a-39-ans-ministere-192091\/\">Cliquez ici pour lire l&rsquo;article depuis sa source.<\/a><\/p>\n","protected":false},"excerpt":{"rendered":"<p>Les personnes \u00e2g\u00e9es de 35 \u00e0 39 ans peuvent d\u00e9sormais acc\u00e9der \u00e0 la vaccination. Les d\u00e9tails. Le minist\u00e8re de la Sant\u00e9 annonce l\u2019\u00e9largissement de la campagne de vaccination pour englober les citoyennes et citoyens dont l\u2019\u00e2ge oscille entre 35 et 39 ans. Le d\u00e9partement de Khalid Ait Taleb exhorte aussi Auteur: challenge Cliquez ici pour [&hellip;]<\/p>\n","protected":false},"author":1787,"featured_media":0,"comment_status":"closed","ping_status":"closed","sticky":false,"template":"","format":"standard","meta":{"fifu_image_url":"https:\/\/www.challenge.ma\/wp-content\/uploads\/2021\/01\/coronavirus-vaccine-147-1.jpg","fifu_image_alt":"Coronavirus. La vaccination d\u00e9sormais \u00e9largie aux personnes \u00e2g\u00e9es de 35 \u00e0 39 ans [Minist\u00e8re]","footnotes":""},"categories":[78,54],"tags":[],"class_list":["post-120938","post","type-post","status-publish","format-standard","hentry","category-economie","category-maroc"],"_links":{"self":[{"href":"https:\/\/linitiative.ca\/International\/wp-json\/wp\/v2\/posts\/120938","targetHints":{"allow":["GET"]}}],"collection":[{"href":"https:\/\/linitiative.ca\/International\/wp-json\/wp\/v2\/posts"}],"about":[{"href":"https:\/\/linitiative.ca\/International\/wp-json\/wp\/v2\/types\/post"}],"author":[{"embeddable":true,"href":"https:\/\/linitiative.ca\/International\/wp-json\/wp\/v2\/users\/1787"}],"replies":[{"embeddable":true,"href":"https:\/\/linitiative.ca\/International\/wp-json\/wp\/v2\/comments?post=120938"}],"version-history":[{"count":0,"href":"https:\/\/linitiative.ca\/International\/wp-json\/wp\/v2\/posts\/120938\/revisions"}],"wp:attachment":[{"href":"https:\/\/linitiative.ca\/International\/wp-json\/wp\/v2\/media?parent=120938"}],"wp:term":[{"taxonomy":"category","embeddable":true,"href":"https:\/\/linitiative.ca\/International\/wp-json\/wp\/v2\/categories?post=120938"},{"taxonomy":"post_tag","embeddable":true,"href":"https:\/\/linitiative.ca\/International\/wp-json\/wp\/v2\/tags?post=120938"}],"curies":[{"name":"wp","href":"https:\/\/api.w.org\/{rel}","templated":true}]}}