{"id":120942,"date":"2021-07-09T15:52:42","date_gmt":"2021-07-09T19:52:42","guid":{"rendered":"https:\/\/linitiative.ca\/International\/marhaba-2021-liaison-portimao-tanger-faut-il-sinquieter\/"},"modified":"2021-07-09T15:52:42","modified_gmt":"2021-07-09T19:52:42","slug":"marhaba-2021-liaison-portimao-tanger-faut-il-sinquieter","status":"publish","type":"post","link":"https:\/\/linitiative.ca\/International\/marhaba-2021-liaison-portimao-tanger-faut-il-sinquieter\/","title":{"rendered":"Marhaba 2021. Liaison Portimao-Tanger : Faut-il s\u2019inqui\u00e9ter ?"},"content":{"rendered":"<div><img decoding=\"async\" width=\"680\" height=\"294\" src=\"https:\/\/linitiative.ca\/International\/wp-content\/uploads\/sites\/23\/2021\/07\/ligne-maritime.jpg\" class=\"attachment-post-thumbnail size-post-thumbnail wp-post-image\" alt=\"\" loading=\"lazy\" srcset=\"https:\/\/linitiative.ca\/International\/wp-content\/uploads\/sites\/23\/2021\/07\/ligne-maritime.jpg 680w, https:\/\/www.challenge.ma\/wp-content\/uploads\/2014\/06\/ligne-maritime-300x129.jpg 300w, https:\/\/www.challenge.ma\/wp-content\/uploads\/2014\/06\/ligne-maritime-600x259.jpg 600w, https:\/\/www.challenge.ma\/wp-content\/uploads\/2014\/06\/ligne-maritime-127x55.jpg 127w, https:\/\/www.challenge.ma\/wp-content\/uploads\/2014\/06\/ligne-maritime-310x134.jpg 310w, https:\/\/www.challenge.ma\/wp-content\/uploads\/2014\/06\/ligne-maritime-112x48.jpg 112w\" sizes=\"auto, (max-width: 680px) 100vw, 680px\" itemprop=\"image\">Plut\u00f4t, cet \u00e9t\u00e9, Le Maroc et le Portugal annon\u00e7aient des discussions bilat\u00e9rales pour traiter de la mise en place d\u2019une connexion maritime entre les ports de Portimao et Tanger-Med, visant notamment \u00e0 accompagner l\u2019op\u00e9ration Marhaba 2021 en renfor\u00e7ant le transport maritime d\u00e9di\u00e9 \u00e0 cette derni\u00e8re. Cette nouvelle fut agr\u00e9ablement accueillie<\/div>\n<p>Auteur: Amine Messaoudi<br \/>\n<a href=\"https:\/\/www.challenge.ma\/marhaba-2021-liaison-portimao-tanger-faut-il-sinquieter-192110\/\">Cliquez ici pour lire l&rsquo;article depuis sa source.<\/a><\/p>\n","protected":false},"excerpt":{"rendered":"<p>Plut\u00f4t, cet \u00e9t\u00e9, Le Maroc et le Portugal annon\u00e7aient des discussions bilat\u00e9rales pour traiter de la mise en place d\u2019une connexion maritime entre les ports de Portimao et Tanger-Med, visant notamment \u00e0 accompagner l\u2019op\u00e9ration Marhaba 2021 en renfor\u00e7ant le transport maritime d\u00e9di\u00e9 \u00e0 cette derni\u00e8re. Cette nouvelle fut agr\u00e9ablement accueillie Auteur: Amine Messaoudi Cliquez ici [&hellip;]<\/p>\n","protected":false},"author":1787,"featured_media":0,"comment_status":"closed","ping_status":"closed","sticky":false,"template":"","format":"standard","meta":{"fifu_image_url":"https:\/\/www.challenge.ma\/wp-content\/uploads\/2014\/06\/ligne-maritime.jpg","fifu_image_alt":"Marhaba 2021. Liaison Portimao-Tanger : Faut-il s\u2019inqui\u00e9ter ?","footnotes":""},"categories":[78,54],"tags":[],"class_list":["post-120942","post","type-post","status-publish","format-standard","hentry","category-economie","category-maroc"],"_links":{"self":[{"href":"https:\/\/linitiative.ca\/International\/wp-json\/wp\/v2\/posts\/120942","targetHints":{"allow":["GET"]}}],"collection":[{"href":"https:\/\/linitiative.ca\/International\/wp-json\/wp\/v2\/posts"}],"about":[{"href":"https:\/\/linitiative.ca\/International\/wp-json\/wp\/v2\/types\/post"}],"author":[{"embeddable":true,"href":"https:\/\/linitiative.ca\/International\/wp-json\/wp\/v2\/users\/1787"}],"replies":[{"embeddable":true,"href":"https:\/\/linitiative.ca\/International\/wp-json\/wp\/v2\/comments?post=120942"}],"version-history":[{"count":0,"href":"https:\/\/linitiative.ca\/International\/wp-json\/wp\/v2\/posts\/120942\/revisions"}],"wp:attachment":[{"href":"https:\/\/linitiative.ca\/International\/wp-json\/wp\/v2\/media?parent=120942"}],"wp:term":[{"taxonomy":"category","embeddable":true,"href":"https:\/\/linitiative.ca\/International\/wp-json\/wp\/v2\/categories?post=120942"},{"taxonomy":"post_tag","embeddable":true,"href":"https:\/\/linitiative.ca\/International\/wp-json\/wp\/v2\/tags?post=120942"}],"curies":[{"name":"wp","href":"https:\/\/api.w.org\/{rel}","templated":true}]}}