{"id":120944,"date":"2021-07-09T16:15:09","date_gmt":"2021-07-09T20:15:09","guid":{"rendered":"https:\/\/linitiative.ca\/International\/production-de-vaccin-anti-covid-au-maroc-la-cen-sad-presente-ses-compliments\/"},"modified":"2021-07-09T16:15:09","modified_gmt":"2021-07-09T20:15:09","slug":"production-de-vaccin-anti-covid-au-maroc-la-cen-sad-presente-ses-compliments","status":"publish","type":"post","link":"https:\/\/linitiative.ca\/International\/production-de-vaccin-anti-covid-au-maroc-la-cen-sad-presente-ses-compliments\/","title":{"rendered":"Production de vaccin anti-covid au Maroc. La CEN-SAD pr\u00e9sente ses compliments"},"content":{"rendered":"<div><img decoding=\"async\" width=\"1280\" height=\"1280\" src=\"https:\/\/linitiative.ca\/International\/wp-content\/uploads\/sites\/23\/2021\/07\/w1280-p1x1-vaccine-bottle.jpg\" class=\"attachment-post-thumbnail size-post-thumbnail wp-post-image\" alt=\"\" loading=\"lazy\" srcset=\"https:\/\/linitiative.ca\/International\/wp-content\/uploads\/sites\/23\/2021\/07\/w1280-p1x1-vaccine-bottle.jpg 1280w, https:\/\/www.challenge.ma\/wp-content\/uploads\/2020\/09\/w1280-p1x1-vaccine-bottle-150x150.jpg 150w, https:\/\/www.challenge.ma\/wp-content\/uploads\/2020\/09\/w1280-p1x1-vaccine-bottle-300x300.jpg 300w, https:\/\/www.challenge.ma\/wp-content\/uploads\/2020\/09\/w1280-p1x1-vaccine-bottle-768x768.jpg 768w, https:\/\/www.challenge.ma\/wp-content\/uploads\/2020\/09\/w1280-p1x1-vaccine-bottle-1024x1024.jpg 1024w, https:\/\/www.challenge.ma\/wp-content\/uploads\/2020\/09\/w1280-p1x1-vaccine-bottle-360x360.jpg 360w, https:\/\/www.challenge.ma\/wp-content\/uploads\/2020\/09\/w1280-p1x1-vaccine-bottle-750x750.jpg 750w, https:\/\/www.challenge.ma\/wp-content\/uploads\/2020\/09\/w1280-p1x1-vaccine-bottle-60x60.jpg 60w, https:\/\/www.challenge.ma\/wp-content\/uploads\/2020\/09\/w1280-p1x1-vaccine-bottle-200x200.jpg 200w\" sizes=\"auto, (max-width: 1280px) 100vw, 1280px\" itemprop=\"image\">Le Secr\u00e9tariat Ex\u00e9cutif de la Communaut\u00e9 des Etats Sah\u00e9lo-Sahariens (CEN-SAD) a adress\u00e9 un communiqu\u00e9 de presse \u00e0 ses Etats membres \u00e0 l\u2019occasion de la signature d\u2019accords de coop\u00e9ration entre le Royaume du Maroc et la R\u00e9publique Populaire de Chine pour la production du vaccin contre la Covid-19.<\/div>\n<p>Auteur: challenge<br \/>\n<a href=\"https:\/\/www.challenge.ma\/production-de-vaccin-anti-covid-au-maroc-la-cen-sad-presente-ses-compliments-192124\/\">Cliquez ici pour lire l&rsquo;article depuis sa source.<\/a><\/p>\n","protected":false},"excerpt":{"rendered":"<p>Le Secr\u00e9tariat Ex\u00e9cutif de la Communaut\u00e9 des Etats Sah\u00e9lo-Sahariens (CEN-SAD) a adress\u00e9 un communiqu\u00e9 de presse \u00e0 ses Etats membres \u00e0 l\u2019occasion de la signature d\u2019accords de coop\u00e9ration entre le Royaume du Maroc et la R\u00e9publique Populaire de Chine pour la production du vaccin contre la Covid-19. Auteur: challenge Cliquez ici pour lire l&rsquo;article depuis [&hellip;]<\/p>\n","protected":false},"author":1787,"featured_media":0,"comment_status":"closed","ping_status":"closed","sticky":false,"template":"","format":"standard","meta":{"fifu_image_url":"https:\/\/www.challenge.ma\/wp-content\/uploads\/2020\/09\/w1280-p1x1-vaccine-bottle.jpg","fifu_image_alt":"Production de vaccin anti-covid au Maroc. La CEN-SAD pr\u00e9sente ses compliments","footnotes":""},"categories":[78,54],"tags":[],"class_list":["post-120944","post","type-post","status-publish","format-standard","hentry","category-economie","category-maroc"],"_links":{"self":[{"href":"https:\/\/linitiative.ca\/International\/wp-json\/wp\/v2\/posts\/120944","targetHints":{"allow":["GET"]}}],"collection":[{"href":"https:\/\/linitiative.ca\/International\/wp-json\/wp\/v2\/posts"}],"about":[{"href":"https:\/\/linitiative.ca\/International\/wp-json\/wp\/v2\/types\/post"}],"author":[{"embeddable":true,"href":"https:\/\/linitiative.ca\/International\/wp-json\/wp\/v2\/users\/1787"}],"replies":[{"embeddable":true,"href":"https:\/\/linitiative.ca\/International\/wp-json\/wp\/v2\/comments?post=120944"}],"version-history":[{"count":0,"href":"https:\/\/linitiative.ca\/International\/wp-json\/wp\/v2\/posts\/120944\/revisions"}],"wp:attachment":[{"href":"https:\/\/linitiative.ca\/International\/wp-json\/wp\/v2\/media?parent=120944"}],"wp:term":[{"taxonomy":"category","embeddable":true,"href":"https:\/\/linitiative.ca\/International\/wp-json\/wp\/v2\/categories?post=120944"},{"taxonomy":"post_tag","embeddable":true,"href":"https:\/\/linitiative.ca\/International\/wp-json\/wp\/v2\/tags?post=120944"}],"curies":[{"name":"wp","href":"https:\/\/api.w.org\/{rel}","templated":true}]}}