{"id":120946,"date":"2021-07-09T17:09:52","date_gmt":"2021-07-09T21:09:52","guid":{"rendered":"https:\/\/linitiative.ca\/International\/le-maroc-et-les-pays-bas-renforcent-leur-relation-bilaterale\/"},"modified":"2021-07-09T17:09:52","modified_gmt":"2021-07-09T21:09:52","slug":"le-maroc-et-les-pays-bas-renforcent-leur-relation-bilaterale","status":"publish","type":"post","link":"https:\/\/linitiative.ca\/International\/le-maroc-et-les-pays-bas-renforcent-leur-relation-bilaterale\/","title":{"rendered":"Le Maroc et les Pays-Bas renforcent leur relation bilat\u00e9rale"},"content":{"rendered":"<div><img decoding=\"async\" width=\"813\" height=\"558\" src=\"https:\/\/linitiative.ca\/International\/wp-content\/uploads\/sites\/23\/2021\/07\/Nasser-Bourita-ministre-des-Affaires-etrangeres-10588.jpg\" class=\"attachment-post-thumbnail size-post-thumbnail wp-post-image\" alt=\"\" loading=\"lazy\" srcset=\"https:\/\/linitiative.ca\/International\/wp-content\/uploads\/sites\/23\/2021\/07\/Nasser-Bourita-ministre-des-Affaires-etrangeres-10588.jpg 813w, https:\/\/www.challenge.ma\/wp-content\/uploads\/2020\/12\/Nasser-Bourita-ministre-des-Affaires-etrangeres-10588-300x206.jpg 300w, https:\/\/www.challenge.ma\/wp-content\/uploads\/2020\/12\/Nasser-Bourita-ministre-des-Affaires-etrangeres-10588-768x527.jpg 768w, https:\/\/www.challenge.ma\/wp-content\/uploads\/2020\/12\/Nasser-Bourita-ministre-des-Affaires-etrangeres-10588-360x247.jpg 360w, https:\/\/www.challenge.ma\/wp-content\/uploads\/2020\/12\/Nasser-Bourita-ministre-des-Affaires-etrangeres-10588-750x515.jpg 750w\" sizes=\"auto, (max-width: 813px) 100vw, 813px\" itemprop=\"image\">Le Maroc et les Pays-Bas r\u00e9chauffent leur relation bilat\u00e9rale. Les deux pays ont en effet sign\u00e9, le 8 juillet, un Plan d\u2019action conjoint pour une meilleure coop\u00e9ration bilat\u00e9rale. Le plan d\u2019action a \u00e9t\u00e9 sign\u00e9 par l\u2019ambassadeur, Directeur g\u00e9n\u00e9ral au minist\u00e8re des Affaires \u00e9trang\u00e8res, de la Coop\u00e9ration africaine et des Marocains<\/div>\n<p>Auteur: challenge<br \/>\n<a href=\"https:\/\/www.challenge.ma\/le-maroc-et-les-pays-bas-renforcent-leur-relation-bilaterale-192132\/\">Cliquez ici pour lire l&rsquo;article depuis sa source.<\/a><\/p>\n","protected":false},"excerpt":{"rendered":"<p>Le Maroc et les Pays-Bas r\u00e9chauffent leur relation bilat\u00e9rale. Les deux pays ont en effet sign\u00e9, le 8 juillet, un Plan d\u2019action conjoint pour une meilleure coop\u00e9ration bilat\u00e9rale. Le plan d\u2019action a \u00e9t\u00e9 sign\u00e9 par l\u2019ambassadeur, Directeur g\u00e9n\u00e9ral au minist\u00e8re des Affaires \u00e9trang\u00e8res, de la Coop\u00e9ration africaine et des Marocains Auteur: challenge Cliquez ici pour [&hellip;]<\/p>\n","protected":false},"author":1787,"featured_media":0,"comment_status":"closed","ping_status":"closed","sticky":false,"template":"","format":"standard","meta":{"fifu_image_url":"https:\/\/www.challenge.ma\/wp-content\/uploads\/2020\/12\/Nasser-Bourita-ministre-des-Affaires-etrangeres-10588.jpg","fifu_image_alt":"Le Maroc et les Pays-Bas renforcent leur relation bilat\u00e9rale","footnotes":""},"categories":[78,54],"tags":[],"class_list":["post-120946","post","type-post","status-publish","format-standard","hentry","category-economie","category-maroc"],"_links":{"self":[{"href":"https:\/\/linitiative.ca\/International\/wp-json\/wp\/v2\/posts\/120946","targetHints":{"allow":["GET"]}}],"collection":[{"href":"https:\/\/linitiative.ca\/International\/wp-json\/wp\/v2\/posts"}],"about":[{"href":"https:\/\/linitiative.ca\/International\/wp-json\/wp\/v2\/types\/post"}],"author":[{"embeddable":true,"href":"https:\/\/linitiative.ca\/International\/wp-json\/wp\/v2\/users\/1787"}],"replies":[{"embeddable":true,"href":"https:\/\/linitiative.ca\/International\/wp-json\/wp\/v2\/comments?post=120946"}],"version-history":[{"count":0,"href":"https:\/\/linitiative.ca\/International\/wp-json\/wp\/v2\/posts\/120946\/revisions"}],"wp:attachment":[{"href":"https:\/\/linitiative.ca\/International\/wp-json\/wp\/v2\/media?parent=120946"}],"wp:term":[{"taxonomy":"category","embeddable":true,"href":"https:\/\/linitiative.ca\/International\/wp-json\/wp\/v2\/categories?post=120946"},{"taxonomy":"post_tag","embeddable":true,"href":"https:\/\/linitiative.ca\/International\/wp-json\/wp\/v2\/tags?post=120946"}],"curies":[{"name":"wp","href":"https:\/\/api.w.org\/{rel}","templated":true}]}}