{"id":120949,"date":"2021-07-09T16:02:59","date_gmt":"2021-07-09T20:02:59","guid":{"rendered":"https:\/\/linitiative.ca\/International\/beja-coronavirus-photos-campagne-de-desinfection-a-lhopital-local-de-amdoun\/"},"modified":"2021-07-09T16:02:59","modified_gmt":"2021-07-09T20:02:59","slug":"beja-coronavirus-photos-campagne-de-desinfection-a-lhopital-local-de-amdoun","status":"publish","type":"post","link":"https:\/\/linitiative.ca\/International\/beja-coronavirus-photos-campagne-de-desinfection-a-lhopital-local-de-amdoun\/","title":{"rendered":"B\u00e9ja-Coronavirus [photos] : Campagne de d\u00e9sinfection \u00e0 l\u2019h\u00f4pital local de Amdoun"},"content":{"rendered":"<div>\n<p>Dans le cadre de lutte contre la pand\u00e9mie du Coronavirus, ce matin, vendredi 09 juillet 2021, la Circonscription R\u00e9gionale des For\u00eats a lanc\u00e9 de vastes campagnes de d\u00e9sinfection dans tous les services de l\u2019h\u00f4pital local de Amdoun du gouvernorat de B\u00e9ja, selon ce qui a \u00e9t\u00e9 confirm\u00e9 par le correspondant de Tunisienumerique dans la r\u00e9gion.<\/p>\n<p>L\u2019article <a href=\"https:\/\/www.tunisienumerique.com\/beja-coronavirus-photos-campagne-de-desinfection-a-lhopital-local-de-amdoun\/\">B\u00e9ja-Coronavirus [photos] : Campagne de d\u00e9sinfection \u00e0 l\u2019h\u00f4pital local de Amdoun<\/a> est apparu en premier sur <a href=\"https:\/\/www.tunisienumerique.com\/\">Tunisie<\/a>.<\/p>\n<\/div>\n<p>Auteur: rania ben slimane<br \/>\n<a href=\"https:\/\/www.tunisienumerique.com\/beja-coronavirus-photos-campagne-de-desinfection-a-lhopital-local-de-amdoun\/\">Cliquez ici pour lire l&rsquo;article depuis sa source.<\/a><\/p>\n","protected":false},"excerpt":{"rendered":"<p>Dans le cadre de lutte contre la pand\u00e9mie du Coronavirus, ce matin, vendredi 09 juillet 2021, la Circonscription R\u00e9gionale des For\u00eats a lanc\u00e9 de vastes campagnes de d\u00e9sinfection dans tous les services de l\u2019h\u00f4pital local de Amdoun du gouvernorat de B\u00e9ja, selon ce qui a \u00e9t\u00e9 confirm\u00e9 par le correspondant de Tunisienumerique dans la r\u00e9gion. [&hellip;]<\/p>\n","protected":false},"author":1789,"featured_media":0,"comment_status":"closed","ping_status":"closed","sticky":false,"template":"","format":"standard","meta":{"fifu_image_url":"","fifu_image_alt":"","footnotes":""},"categories":[73,55],"tags":[],"class_list":["post-120949","post","type-post","status-publish","format-standard","hentry","category-actualite","category-tunisie"],"_links":{"self":[{"href":"https:\/\/linitiative.ca\/International\/wp-json\/wp\/v2\/posts\/120949","targetHints":{"allow":["GET"]}}],"collection":[{"href":"https:\/\/linitiative.ca\/International\/wp-json\/wp\/v2\/posts"}],"about":[{"href":"https:\/\/linitiative.ca\/International\/wp-json\/wp\/v2\/types\/post"}],"author":[{"embeddable":true,"href":"https:\/\/linitiative.ca\/International\/wp-json\/wp\/v2\/users\/1789"}],"replies":[{"embeddable":true,"href":"https:\/\/linitiative.ca\/International\/wp-json\/wp\/v2\/comments?post=120949"}],"version-history":[{"count":0,"href":"https:\/\/linitiative.ca\/International\/wp-json\/wp\/v2\/posts\/120949\/revisions"}],"wp:attachment":[{"href":"https:\/\/linitiative.ca\/International\/wp-json\/wp\/v2\/media?parent=120949"}],"wp:term":[{"taxonomy":"category","embeddable":true,"href":"https:\/\/linitiative.ca\/International\/wp-json\/wp\/v2\/categories?post=120949"},{"taxonomy":"post_tag","embeddable":true,"href":"https:\/\/linitiative.ca\/International\/wp-json\/wp\/v2\/tags?post=120949"}],"curies":[{"name":"wp","href":"https:\/\/api.w.org\/{rel}","templated":true}]}}