{"id":120953,"date":"2021-07-08T18:10:05","date_gmt":"2021-07-08T22:10:05","guid":{"rendered":"https:\/\/linitiative.ca\/International\/plus-de-150-000-candidats-en-quete-de-leur-premier-diplome-universitaire\/"},"modified":"2021-07-08T18:10:05","modified_gmt":"2021-07-08T22:10:05","slug":"plus-de-150-000-candidats-en-quete-de-leur-premier-diplome-universitaire","status":"publish","type":"post","link":"https:\/\/linitiative.ca\/International\/plus-de-150-000-candidats-en-quete-de-leur-premier-diplome-universitaire\/","title":{"rendered":"Plus de 150 000 candidats en qu\u00eate de leur premier dipl\u00f4me universitaire"},"content":{"rendered":"<div>\n<p><strong>Les \u00e9preuves \u00e9crites du baccalaur\u00e9at, session 2021, ont d\u00e9but\u00e9, le jeudi 8 juillet 2021, au lyc\u00e9e provincial Bassy de Ziniar\u00e9, en pr\u00e9sence des ministres de l\u2019Enseignement sup\u00e9rieur, Pr Alkassoum Ma\u00efga et de l\u2019Education nationale, Pr Stanislas Ouaro. Au total, 154 775 candidats dont 45% de filles sont en qu\u00eate de leur premier dipl\u00f4me universitaire.<\/strong><\/p>\n<p>Dans la salle 1 du jury 251 du lyc\u00e9e provincial Bassy de Ziniar\u00e9, tous les candidats, au nombre de 40, ont effectivement d\u00e9but\u00e9 la premi\u00e8re \u00e9preuve \u00e9crite du baccalaur\u00e9at, session 2021. Parmi eux, figure A\u00efdatou Kagamb\u00e8ga qui s\u2019est dit pr\u00eate avant l\u2019ouverture de l\u2019enveloppe contenant les sujets. \u00abJe n\u2019attends que les sujets pour commencer. J\u2019ai pr\u00e9par\u00e9 l\u2019examen de mon mieux\u00bb, a-t-elle affirm\u00e9. Assami Kafando, quant \u00e0 lui, a affich\u00e9 sa s\u00e9r\u00e9nit\u00e9 : \u00ab Je me suis bien pr\u00e9par\u00e9 et par la gr\u00e2ce de Dieu, je vais r\u00e9ussir \u00e0 mon<br \/>\nexamen \u00bb.<\/p>\n<p>L\u2019\u00e9preuve de fran\u00e7ais leur a \u00e9t\u00e9 administr\u00e9e, le jeudi 8 juillet 2021, par le ministre de l\u2019Enseignement sup\u00e9rieur, de la Recherche scientifique et de l\u2019Innovation, Pr Alkassoum Ma\u00efga, en compagnie de son coll\u00e8gue de l\u2019Education nationale, Pr Stanislas Ouaro. Ils ont d\u2019abord tent\u00e9 de d\u00e9tendre l\u2019atmosph\u00e8re crisp\u00e9e, en rassurant les \u00e9l\u00e8ves des dispositions prises pour le bon d\u00e9roulement de la composition et leur ont prodigu\u00e9 des conseils. Pr Ma\u00efga a dit attendre d\u2019eux une concentration soutenue, du calme et de la s\u00e9r\u00e9nit\u00e9. \u00ab Il ne s\u2019agit pas d\u2019un concours mais d\u2019un examen. Par principe, un examen n\u2019a pas de nombre de places limit\u00e9.<\/p>\n<p>Nous comptons donc sur eux pour avoir un taux de succ\u00e8s honorable \u00bb, a laiss\u00e9 entendre le ministre. Quant au ministre Ouaro, il a appel\u00e9 les candidats \u00e0 bannir toute id\u00e9e ou toute tentative de fraude. Le chef du d\u00e9partement en charge de l\u2019enseignement sup\u00e9rieur a ensuite salu\u00e9 la tenue effective des examens du baccalaur\u00e9at.<br \/>\nA l\u2019en croire, c\u2019est un satisfecit d\u2019arriver \u00e0 organiser la pr\u00e9sente session dans le calme, compte tenu des troubles que le syst\u00e8me \u00e9ducatif a connus. Il a aussi rassur\u00e9 les candidats que le baccalaur\u00e9at demeure le premier dipl\u00f4me universitaire. \u00abNous sommes en train de travailler sur le dispositif qui va nous permettre de faire le transfert de l\u2019organisation des examens du bac, tant que ce dispositif n\u2019a pas \u00e9t\u00e9 suffisamment rod\u00e9 et que les textes n\u2019ont pas \u00e9t\u00e9 relus pour consacrer le transfert, pour nous, ce n\u2019est pas le moment de parler de dernier examen \u00bb, a indiqu\u00e9 Pr Alkassoum Ma\u00efga.<\/p>\n<h3>Six milliards F CFA pour l\u2019organisation<\/h3>\n<figure id=\"attachment_37442\" aria-describedby=\"caption-attachment-37442\" style=\"width: 300px\" class=\"wp-caption alignleft\"><img decoding=\"async\" loading=\"lazy\" class=\"size-medium wp-image-37442\" src=\"https:\/\/linitiative.ca\/International\/wp-content\/uploads\/sites\/23\/2021\/07\/bac2-300x123-1.jpg\" alt=\"\" width=\"300\" height=\"123\" srcset=\"https:\/\/linitiative.ca\/International\/wp-content\/uploads\/sites\/23\/2021\/07\/bac2-300x123-1.jpg 300w, https:\/\/www.sidwaya.info\/wp-content\/uploads\/2021\/07\/bac2-768x315.jpg 768w, https:\/\/www.sidwaya.info\/wp-content\/uploads\/2021\/07\/bac2-150x62.jpg 150w, https:\/\/www.sidwaya.info\/wp-content\/uploads\/2021\/07\/bac2-696x286.jpg 696w, https:\/\/www.sidwaya.info\/wp-content\/uploads\/2021\/07\/bac2.jpg 780w\" sizes=\"auto, (max-width: 300px) 100vw, 300px\"><figcaption id=\"caption-attachment-37442\" class=\"wp-caption-text\">Pr\u00e8s de 45% des candidats sont des filles.<\/figcaption><\/figure>\n<p>Pour la session 2021, 154 775 candidats prennent part aux \u00e9preuves du baccalaur\u00e9at, toutes s\u00e9ries confondues. \u00ab Il y a eu une augmentation de plus de 29 000 candidats. Ce qui fait 23% en plus, par rapport au baccalaur\u00e9at session 2020 \u00bb, a pr\u00e9cis\u00e9 le ministre Ma\u00efga.<br \/>\nCet effectif est compos\u00e9 de 85 642 gar\u00e7ons et 69 133 filles, repr\u00e9sentant respectivement 55,33 % et 44,67 % de l\u2019effectif total des candidats inscrits. \u00abNous progressons aussi vers la parit\u00e9 du genre \u00bb, a-t-il not\u00e9. On note \u00e9galement 27 598<br \/>\ncandidats libres dont 15 527 gar\u00e7ons et 12 071 filles.<\/p>\n<p>Le ministre Alkassoum Ma\u00efga a soutenu que les dispositions ont \u00e9t\u00e9 prises pour int\u00e9grer les \u00e9l\u00e8ves d\u00e9plac\u00e9s internes dans les \u00e9coles des zones d\u2019accueil tout en am\u00e9liorant les capacit\u00e9s d\u2019accueil de ces \u00e9coles.<br \/>\n\u00ab Il n\u2019\u00e9tait pas permis que des \u00e9l\u00e8ves restent en rame parce que leurs parents se sont d\u00e9plac\u00e9s. Ce qui fait que normalement, il n\u2019y a pas d\u2019\u00e9l\u00e8ves de parents d\u00e9plac\u00e9s qui ne sont pas dans des \u00e9coles \u00bb, a-t-il ajout\u00e9 sans avancer de chiffres les concernant. Les candidats sont r\u00e9partis dans 579 jurys soit 108 jurys de plus que les 471 de 2020. Ces jurys sont log\u00e9s dans 331 centres de composition r\u00e9partis sur toute l\u2019\u00e9tendue du territoire national. Les acteurs directs, compos\u00e9s des pr\u00e9sidents de jurys, des secr\u00e9taires de jurys, des encadreurs p\u00e9dagogiques, des surveillants, des correcteurs, des chefs de centres et leurs adjoints, sont estim\u00e9s \u00e0 52 869. Pr\u00e8s de 6 milliards FCFA ont \u00e9t\u00e9 allou\u00e9s \u00e0 l\u2019organisation du baccalaur\u00e9at. Rendez-vous est pris pour le 16 juillet pour les r\u00e9sultats du premier tour. Les examens du baccalaur\u00e9at<br \/>\nsession de 2021 doivent \u00eatre boucl\u00e9s le 24 juillet 2021.<\/p>\n<p style=\"text-align: right\"><strong>Djakaridia SIRIBIE <\/strong><br \/>\n<strong>Elodie NIKIEMA<\/strong><br \/>\n(Stagiaire)<\/p>\n<hr>\n<p>le Pr\u00e9sident du Faso, Roch Marc Christian Kabor\u00e9 souhaite bonne chance aux candidats :<\/p>\n<p>\u00ab Aujourd\u2019hui commencent les \u00e9preuves du baccalaur\u00e9at. Je formule mes v\u0153ux de succ\u00e8s aux candidats en lice. En d\u00e9pit des contraintes s\u00e9curitaires et des d\u00e9fis sanitaires auxquels nous sommes confront\u00e9s, notre pays tient le pari de l\u2019organisation de cette session. Je salue l\u2019engagement et le sacrifice de l\u2019ensemble des enseignants, des encadreurs et des personnels d\u2019appui qui nous permettent de relever ce challenge. Bonne chance \u00e0 toutes et \u00e0 tous les candidats (es) \u00bb.<\/p>\n<p>Source : Twitter.<\/p>\n<p>L\u2019article <a rel=\"nofollow\" href=\"https:\/\/www.sidwaya.info\/blog\/2021\/07\/08\/plus-de-150-000-candidats-en-quete-de-leur-premier-diplome-universitaire\/\">Plus de 150 000 candidats en qu\u00eate de leur premier dipl\u00f4me universitaire<\/a> est apparu en premier sur <a rel=\"nofollow\" href=\"https:\/\/www.sidwaya.info\/\">Quotidien Sidwaya<\/a>.<\/p>\n<\/div>\n<p>Auteur: JK. Sidwaya<br \/>\n<a href=\"https:\/\/www.sidwaya.info\/blog\/2021\/07\/08\/plus-de-150-000-candidats-en-quete-de-leur-premier-diplome-universitaire\/\">Cliquez ici pour lire l&rsquo;article depuis sa source.<\/a><\/p>\n","protected":false},"excerpt":{"rendered":"<p>Les \u00e9preuves \u00e9crites du baccalaur\u00e9at, session 2021, ont d\u00e9but\u00e9, le jeudi 8 juillet 2021, au lyc\u00e9e provincial Bassy de Ziniar\u00e9, en pr\u00e9sence des ministres de l\u2019Enseignement sup\u00e9rieur, Pr Alkassoum Ma\u00efga et de l\u2019Education nationale, Pr Stanislas Ouaro. Au total, 154 775 candidats dont 45% de filles sont en qu\u00eate de leur premier dipl\u00f4me universitaire. Dans [&hellip;]<\/p>\n","protected":false},"author":1816,"featured_media":0,"comment_status":"closed","ping_status":"closed","sticky":false,"template":"","format":"standard","meta":{"fifu_image_url":"https:\/\/www.sidwaya.info\/wp-content\/uploads\/2021\/07\/bac2-300x123.jpg","fifu_image_alt":"Plus de 150 000 candidats en qu\u00eate de leur premier dipl\u00f4me universitaire","footnotes":""},"categories":[73,81],"tags":[],"class_list":["post-120953","post","type-post","status-publish","format-standard","hentry","category-actualite","category-burkina-faso"],"_links":{"self":[{"href":"https:\/\/linitiative.ca\/International\/wp-json\/wp\/v2\/posts\/120953","targetHints":{"allow":["GET"]}}],"collection":[{"href":"https:\/\/linitiative.ca\/International\/wp-json\/wp\/v2\/posts"}],"about":[{"href":"https:\/\/linitiative.ca\/International\/wp-json\/wp\/v2\/types\/post"}],"author":[{"embeddable":true,"href":"https:\/\/linitiative.ca\/International\/wp-json\/wp\/v2\/users\/1816"}],"replies":[{"embeddable":true,"href":"https:\/\/linitiative.ca\/International\/wp-json\/wp\/v2\/comments?post=120953"}],"version-history":[{"count":0,"href":"https:\/\/linitiative.ca\/International\/wp-json\/wp\/v2\/posts\/120953\/revisions"}],"wp:attachment":[{"href":"https:\/\/linitiative.ca\/International\/wp-json\/wp\/v2\/media?parent=120953"}],"wp:term":[{"taxonomy":"category","embeddable":true,"href":"https:\/\/linitiative.ca\/International\/wp-json\/wp\/v2\/categories?post=120953"},{"taxonomy":"post_tag","embeddable":true,"href":"https:\/\/linitiative.ca\/International\/wp-json\/wp\/v2\/tags?post=120953"}],"curies":[{"name":"wp","href":"https:\/\/api.w.org\/{rel}","templated":true}]}}