{"id":12096,"date":"2019-02-07T05:00:00","date_gmt":"2019-02-07T10:00:00","guid":{"rendered":"https:\/\/linitiative.ca\/International\/raid-sahraouiya-2019-5-ans-de-solidarite-et-de-soutien-pour-la-femme\/"},"modified":"2019-02-07T05:00:00","modified_gmt":"2019-02-07T10:00:00","slug":"raid-sahraouiya-2019-5-ans-de-solidarite-et-de-soutien-pour-la-femme","status":"publish","type":"post","link":"https:\/\/linitiative.ca\/International\/raid-sahraouiya-2019-5-ans-de-solidarite-et-de-soutien-pour-la-femme\/","title":{"rendered":"Raid Sahraouiya 2019: 5 ans de solidarit\u00e9 et de soutien pour la femme"},"content":{"rendered":"<div readability=\"38\">\n<p>40 \u00e9quipes f\u00e9minines provenant de 13 pays et repr\u00e9sentant 40 associations<\/p>\n<p>Les amis du Ruban Rose, Goutte de lait, Joud, Kirikou, SOS Village&#8230; les participants<\/p>\n<\/div>\n<div readability=\"107\">\n<div class=\"dnd-atom-wrapper type-image context-sdl_editor_representation\" contenteditable=\"false\" readability=\"32.5\">\n<div class=\"dnd-drop-wrapper image\"><img loading=\"lazy\" decoding=\"async\" typeof=\"foaf:Image\" class=\"img-responsive\" src=\"https:\/\/www.leconomiste.com\/sites\/default\/files\/eco7\/public\/thumbnails\/image\/raid-sahraouiya-2019-047.jpg\" width=\"660\" height=\"330\" alt=\"raid-sahraouiya-2019-047.jpg\" title=\"raid-sahraouiya-2019-047.jpg\"\/><\/div>\n<div class=\"dnd-legend-wrapper\" contenteditable=\"true\" readability=\"10\">\n<p class=\"rtejustify\">Pour l\u2019\u00e9dition 2019, Dakhla poursuivra son objectif d\u2019ouverture vers l\u2019Afrique, en accueillant des \u00e9quipes issues de plusieurs pays du continent <em>(Ph. RP OL)<\/em><\/p>\n<\/div>\n<\/div>\n<p class=\"rtejustify\">La ville de Dakhla vient d\u2019accueillir le coup d\u2019envoi de la 5e \u00e9dition du challenge solidaire au f\u00e9minin \u00abSahraouiya\u00bb, avec la participation de 80 femmes.<\/p>\n<p class=\"rtejustify\">Cet \u00e9v\u00e8nement sportif et solidaire qui se tient jusqu&rsquo;au 9 f\u00e9vrier, conna\u00eet la participation de 13 pays: le Maroc, la France, la Guin\u00e9e, le Cameroun, la C\u00f4te d\u2019Ivoire, le Cap Vert, le Sud Soudan, la Palestine, le Panama, les Etats Unis, le Canada, le Lib\u00e9ria et Grenade des \u00eeles Cara\u00efbes.<\/p>\n<div class=\"dnd-atom-wrapper type-image context-sdl_editor_representation atom-align-right\">\n<div class=\"dnd-drop-wrapper image\"><img loading=\"lazy\" decoding=\"async\" typeof=\"foaf:Image\" class=\"img-responsive\" src=\"https:\/\/www.leconomiste.com\/sites\/default\/files\/eco7\/public\/thumbnails\/image\/raid_sahraouiya_2019.jpg\" width=\"397\" height=\"277\" alt=\"raid_sahraouiya_2019.jpg\" title=\"raid_sahraouiya_2019.jpg\"\/><\/div>\n<\/div>\n<p class=\"rtejustify\">40 associations y participent cette ann\u00e9e, dont la Goutte de lait Casablanca, Joud, Kirikou, SOS Village, Association Robert Debr\u00e9\u0301, M\u00e9c\u00e9nat chirurgical de c\u0153ur, le p\u2019tit hibou du L\u00e9man, Insaf ou encore EMA. Les amis du Ruban Rose, qui soutient les femmes atteintes du cancer du sein, est, quant \u00e0 elle, l\u2019une des associations soutenues chaque ann\u00e9e par ce challenge.<\/p>\n<p class=\"rtejustify\">Comme lors des pr\u00e9c\u00e9dentes \u00e9ditions, la marraine de c\u0153ur de l\u2019\u00e9v\u00e8nement est Aicha Ech Chenna, pr\u00e9sidente de l\u2019Association Solidarit\u00e9\u0301 f\u00e9minine qui \u0153uvre depuis plus de 30 ans \u00e0 l\u2019assistance et l\u2019int\u00e9gration des m\u00e8res c\u00e9libataires.<\/p>\n<p class=\"rtejustify\">En outre, et pour la 2e fois, les com\u00e9diennes de la troupe marocaine \u00abTakoon\u00bb connues pour leur c\u00e9l\u00e8bre interpr\u00e9tation de \u00abBnat Lalla Menana\u00bb ont pris part \u00e0 ce raid solidaire. La femme sahraouie sera \u00e9galement mieux repr\u00e9sent\u00e9e lors de cette \u00e9dition 2019.<\/p>\n<p class=\"rtejustify\">Pour ce faire, l\u2019Association Lagon Dakhla, organisatrice de l\u2019\u00e9v\u00e9nement Sahraouiya, et en partenariat avec la Fondation Phosboucra a lanc\u00e9 une comp\u00e9tition sportive qui a dur\u00e9 deux mois au profit des femmes des r\u00e9gions de Dakhla Oued Eddahab, Guelmim Oued Noun et La\u00e2youne Sakia Hamra.<\/p>\n<p class=\"rtejustify\">Cette comp\u00e9tition, une premi\u00e8re dans la r\u00e9gion, s\u2019est d\u00e9roul\u00e9e sous forme d\u2019un mini-Raid avec une course dans la nature (Trail), une course en VTT et une \u00e9preuve Bootcamp. A l\u2019issue de cette comp\u00e9tition interr\u00e9gionale, 5 \u00e9quipes ont \u00e9t\u00e9 s\u00e9lectionn\u00e9es pour repr\u00e9senter les associations locales lors du raid Sahraouiya.<\/p>\n<p class=\"rtejustify\">Ainsi, et pendant une semaine, Dakhla poursuivra son objectif d\u2019ouverture vers l\u2019Afrique, en accueillant des \u00e9quipes issues de plusieurs pays du continent, dans le cadre du partenariat initi\u00e9 avec l\u2019Agence marocaine de coop\u00e9ration internationale AMCI.<\/p>\n<p class=\"rtejustify\"><em>De notre correspondante permanente, Sabrina BELHOUARI<\/em><\/p>\n<\/div>\n","protected":false},"excerpt":{"rendered":"<p>40 \u00e9quipes f\u00e9minines provenant de 13 pays et repr\u00e9sentant 40 associations Les amis du Ruban Rose, Goutte de lait, Joud, Kirikou, SOS Village&#8230; les participants Pour l\u2019\u00e9dition 2019, Dakhla poursuivra son objectif d\u2019ouverture vers l\u2019Afrique, en accueillant des \u00e9quipes issues de plusieurs pays du continent (Ph. RP OL) La ville de Dakhla vient d\u2019accueillir le [&hellip;]<\/p>\n","protected":false},"author":1763,"featured_media":12097,"comment_status":"closed","ping_status":"closed","sticky":false,"template":"","format":"standard","meta":{"fifu_image_url":"","fifu_image_alt":"","footnotes":""},"categories":[78,54],"tags":[],"class_list":["post-12096","post","type-post","status-publish","format-standard","has-post-thumbnail","hentry","category-economie","category-maroc"],"_links":{"self":[{"href":"https:\/\/linitiative.ca\/International\/wp-json\/wp\/v2\/posts\/12096","targetHints":{"allow":["GET"]}}],"collection":[{"href":"https:\/\/linitiative.ca\/International\/wp-json\/wp\/v2\/posts"}],"about":[{"href":"https:\/\/linitiative.ca\/International\/wp-json\/wp\/v2\/types\/post"}],"author":[{"embeddable":true,"href":"https:\/\/linitiative.ca\/International\/wp-json\/wp\/v2\/users\/1763"}],"replies":[{"embeddable":true,"href":"https:\/\/linitiative.ca\/International\/wp-json\/wp\/v2\/comments?post=12096"}],"version-history":[{"count":0,"href":"https:\/\/linitiative.ca\/International\/wp-json\/wp\/v2\/posts\/12096\/revisions"}],"wp:featuredmedia":[{"embeddable":true,"href":"https:\/\/linitiative.ca\/International\/wp-json\/"}],"wp:attachment":[{"href":"https:\/\/linitiative.ca\/International\/wp-json\/wp\/v2\/media?parent=12096"}],"wp:term":[{"taxonomy":"category","embeddable":true,"href":"https:\/\/linitiative.ca\/International\/wp-json\/wp\/v2\/categories?post=12096"},{"taxonomy":"post_tag","embeddable":true,"href":"https:\/\/linitiative.ca\/International\/wp-json\/wp\/v2\/tags?post=12096"}],"curies":[{"name":"wp","href":"https:\/\/api.w.org\/{rel}","templated":true}]}}