{"id":120962,"date":"2021-07-09T11:37:19","date_gmt":"2021-07-09T15:37:19","guid":{"rendered":"https:\/\/linitiative.ca\/International\/5e-session-extraordinaire-de-la-conference-des-chefs-detat-du-sahel\/"},"modified":"2021-07-09T11:37:19","modified_gmt":"2021-07-09T15:37:19","slug":"5e-session-extraordinaire-de-la-conference-des-chefs-detat-du-sahel","status":"publish","type":"post","link":"https:\/\/linitiative.ca\/International\/5e-session-extraordinaire-de-la-conference-des-chefs-detat-du-sahel\/","title":{"rendered":"5e Session Extraordinaire de la conf\u00e9rence des Chefs d\u2019Etat du Sahel"},"content":{"rendered":"<div>\n<p><strong>COMMUNIQUE FINAL<\/strong><\/p>\n<ol>\n<li>Sur invitation de <strong>E.M. le G\u00e9n\u00e9ral de Corps d\u2019Arm\u00e9e MAHAMAT IDRIS DEBY ITNO<\/strong>, Pr\u00e9sident du Conseil Militaire de Transition, Pr\u00e9sident de la R\u00e9publique du Tchad, Chef de l\u2019\u00c9tat, Pr\u00e9sident en exercice du G5 Sahel, les Chefs d\u2019\u00c9tat des pays membres du G5 Sahel se sont r\u00e9unis ce jour 9 juillet 2021, par visioconf\u00e9rence, en vue d\u2019\u00e9valuer la situation s\u00e9curitaire au Sahel, de faire un suivi des recommandations du Sommet de N\u2019Djam\u00e9na de f\u00e9vrier 2021, et enfin, de d\u00e9signer le nouveau Secr\u00e9taire Ex\u00e9cutif du G5 Sahel<\/li>\n<li>Etaient pr\u00e9sents \u00e0 ce Sommet, les Chefs d\u2019Etat ci-apr\u00e8s\u00a0:<\/li>\n<\/ol>\n<ul>\n<li><strong>E.M. Roch Marc Christian KABORE<\/strong>, Pr\u00e9sident du Burkina Faso<\/li>\n<li><strong>E.M. Mohamed Ould Cheikh El GHAZOUANI<\/strong>, Pr\u00e9sident de la R\u00e9publique Islamique de Mauritanie<\/li>\n<li><strong>E.M. Mohamed BAZOUM<\/strong>, Pr\u00e9sident de la R\u00e9publique du Niger<\/li>\n<li><strong>E.M. le Colonel <\/strong><strong>Assimi GO\u00cfTA<\/strong>, Pr\u00e9sident de la Transition, Chef de l\u2019Etat, de la R\u00e9publique du Mali<\/li>\n<\/ul>\n<p>Les chefs d\u2019Etat du G5 Sahel ont \u00e9galement invit\u00e9 \u00e0 participer \u00e0 leurs travaux\u00a0:<\/p>\n<ul>\n<li><strong>E.M. Emmanuel MACRON<\/strong>, Pr\u00e9sident de la R\u00e9publique fran\u00e7aise<\/li>\n<\/ul>\n<ol start=\"3\">\n<li>L\u2019urgence de consid\u00e9rer la situation s\u00e9curitaire au Sahel a conduit la Pr\u00e9sidence du G5 Sahel \u00e0 organiser une Conf\u00e9rence extraordinaire des Chefs d\u2019Etat.<\/li>\n<\/ol>\n<p>Le contexte r\u00e9gional est en effet marqu\u00e9 par l\u2019aggravation de l\u2019activisme terroriste au Sahel\u00a0et\u00a0les cons\u00e9quences potentielles du retrait demand\u00e9 par l\u2019ONU des mercenaires arm\u00e9s \u00e9trangers pr\u00e9sents sur le territoire libyen qui fait peser une menace sur la stabilit\u00e9 du Sahel et de la sous-r\u00e9gion.\u00a0Il se caract\u00e9rise \u00e9galement par\u00a0la perspective de reconfiguration de la force fran\u00e7aise au Sahel\u00a0recentr\u00e9e sur la lutte anti-terroriste et sur une coop\u00e9ration militaire renforc\u00e9e avec les arm\u00e9es nationales, qui s\u2019appuiera notamment sur une poursuite de la mont\u00e9e en puissance de la task-force Takuba et sur la mission de Formation de l\u2019Union Europ\u00e9enne au Mali (EUTM).<\/p>\n<p><strong><em>Sur la situation s\u00e9curitaire dans la r\u00e9gion\u00a0: <\/em><\/strong><\/p>\n<ol start=\"4\">\n<li>Les Chefs d\u2019Etat du G5 Sahel se sont inqui\u00e9t\u00e9s de la recrudescence de l\u2019activisme terroriste au Sahel et des menaces pesant sur les pays du G5 Sahel et de la sous-r\u00e9gion.<\/li>\n<li>Les Chefs d\u2019Etat du G5 Sahel ont pr\u00e9sent\u00e9 leurs condol\u00e9ances au Peuple Tchadien pour la disparition brutale de leur fr\u00e8re, le Mar\u00e9chal du Tchad, IDRISS DEBY ITNO, d\u00e9c\u00e9d\u00e9 dans des combats contre un groupe mercenaire arm\u00e9 venu de Libye.<\/li>\n<\/ol>\n<p>Ils ont \u00e9galement pr\u00e9sent\u00e9 leurs condol\u00e9ances aux familles de toutes les victimes du terrorisme au Sahel, tout particuli\u00e8rement aux populations de Solhan au Burkina Faso et leurs v\u0153ux de prompt r\u00e9tablissement aux bless\u00e9s.<\/p>\n<ol start=\"6\">\n<li>Les Chefs d\u2019Etat du G5 Sahel ont salu\u00e9 l\u2019adoption de la r\u00e9solution 2570 du Conseil de s\u00e9curit\u00e9 des Nations Unies du 16 avril 2021, demandant \u00e0 toutes les parties au conflit en Libye de veiller \u00e0 l\u2019application int\u00e9grale de l\u2019accord de cessez-le-feu du 23 octobre 2020 et engageant vivement tous les \u00c9tats Membres \u00e0 respecter et \u00e0 appuyer ce processus, notamment en retirant sans tarder l\u2019ensemble des forces \u00e9trang\u00e8res et des mercenaires du territoire libyen.<\/li>\n<\/ol>\n<p>Ils ont exprim\u00e9, n\u00e9anmoins, leur profonde pr\u00e9occupation en l\u2019absence d\u2019un plan de retrait des mercenaires \u00e9trangers en Libye, estim\u00e9e \u00e0 pr\u00e8s de 30 000 combattants surarm\u00e9s, pour la s\u00e9curit\u00e9 des pays du G5 Sahel et de la sous-r\u00e9gion.<\/p>\n<ol start=\"7\">\n<li>Ils ont relev\u00e9, \u00e0 cet \u00e9gard, qu\u2019une r\u00e9union du Conseil de S\u00e9curit\u00e9 des Nations-Unies sur les risques d\u2019une dispersion dans les pays de la r\u00e9gion des mercenaires pr\u00e9sents en Libye s\u2019est tenue le 27 avril 2021 \u00e0 la demande des membres africains du Conseil de S\u00e9curit\u00e9 (Kenya, Niger et Tunisie).<\/li>\n<\/ol>\n<p>Ils ont relev\u00e9 \u00e9galement que dans son communiqu\u00e9 final du 19 juin 2021 \u00e0 Accra, la conf\u00e9rence des Chefs d\u2019Etat et de Gouvernement de la CEDEAO a exprim\u00e9 sa pr\u00e9occupation quant aux effets d\u00e9stabilisateurs des op\u00e9rations des groupes de mercenaires venant de Libye et ont appel\u00e9 \u00e0 une action internationale concert\u00e9e en vue de la r\u00e9solution urgente de cette question, impliquant le d\u00e9sarmement des groupes de mercenaires.<\/p>\n<p>Ils ont relev\u00e9 aussi la pr\u00e9occupation formul\u00e9e par la R\u00e9publique du Soudan le 15 juin 2021 sur la perspective de retour des mercenaires de Libye pour leur pays encore en phase de stabilisation surtout si ces combattants reviennent avec leurs armes et ont appel\u00e9 \u00e0 consid\u00e9rer cette question \u00ab comme prioritaire pour la s\u00e9curit\u00e9 de la r\u00e9gion\u00a0\u00bb.<\/p>\n<p>Ils se sont f\u00e9licit\u00e9s enfin des engagements pris par les parties prenantes \u00e0 l\u2019occasion de la Conf\u00e9rence sur la Libye, \u00e0 Berlin, le 23 juin 2021.<\/p>\n<ol start=\"8\">\n<li>Les Chefs d\u2019Etat du G5 Sahel ont demand\u00e9 express\u00e9ment que les Nations-Unies et la Libye communiquent sur le plan de retrait ordonn\u00e9 des milices arm\u00e9es \u00e9trang\u00e8res de Libye et contribuent \u00e0 la s\u00e9curisation des fronti\u00e8res du G5 Sahel durant la phase de retrait.<\/li>\n<li>Les Chefs d\u2019Etat du G5 Sahel ont exprim\u00e9 leur pr\u00e9occupation face \u00e0 la persistance de la menace terroriste dans la sous-r\u00e9gion et ont soulign\u00e9 l\u2019importance d\u2019une veille active de l\u2019ensemble des pays de la r\u00e9gion et d\u2019une action collective et \u00e9nergique en vue de la contrer.<\/li>\n<\/ol>\n<p>A ce titre, ils ont appel\u00e9 \u00e0 la poursuite d\u2019un effort commun et ont r\u00e9affirm\u00e9 leur pleine mobilisation dans le cadre de ce combat collectif \u00e0 travers les n\u00e9gociations actives et participatives avec les partenaires de la Coalition Internationale pour le Sahel \u00e0 mettre \u00e0 disposition de la Force conjointe des capacit\u00e9s indispensables aux missions de la Force et dont les pays du G5 Sahel ne disposent pas.<\/p>\n<p>Ils ont exprim\u00e9 leur volont\u00e9 d\u2019une mont\u00e9e en puissance et l\u2019autonomisation de la Force conjointe G5 Sahel sous une seule responsabilit\u00e9 op\u00e9rationnelle, financi\u00e8re et logistique du COMFOR lui permettant de disposer\u00a0: <strong>(i)<\/strong> des renseignements strat\u00e9giques et tactiques d\u2019origine satellitaire, technique et en imagerie\u00a0; <strong>(ii)<\/strong> moyens de frappes cibl\u00e9es et guid\u00e9es\u00a0; <strong>(iii)<\/strong> moyens de transports a\u00e9riens et logistiques, une chaine de sant\u00e9 op\u00e9rationnelle et des infrastructures pour le casernement des unit\u00e9s d\u00e9ploy\u00e9es dans les divers pays.<\/p>\n<p>Ils ont appel\u00e9 \u00e0 mettre en place un droit de tirage sur le compte fiduciaire de la force en faveur du COMFOR de la FC G5 Sahel qui en rendra compte mensuellement au Secr\u00e9tariat Ex\u00e9cutif du G5 Sahel.<\/p>\n<p>Ils ont appel\u00e9 \u00e0 la mise en place du Centre de Fusion du Renseignement \u00e0 Niamey et \u00e0 sa prise en charge par le Secr\u00e9tariat Ex\u00e9cutif.<\/p>\n<ol start=\"10\">\n<li>Les Chefs d\u2019Etat du G5 Sahel ont insist\u00e9 sur la n\u00e9cessit\u00e9 de renforcer la Force conjointe autour du Bassin du Lac-Tchad face \u00e0 la persistance de la menace Djihadiste. Ils ont constat\u00e9 en effet une lutte \u00e0 mort entre les factions de Boko Haram \u00e0 l\u2019avantage de la fraction de l\u2019\u00c9tat islamique en Afrique de l\u2019Ouest, et un activisme nouveau de factions de Boko Haram dans le sud-ouest du Niger frontalier avec l\u2019Etat nig\u00e9rian de Sokoto.<\/li>\n<li>Ils ont \u00e9galement not\u00e9, avec pr\u00e9occupation, l\u2019extension de la menace terroriste en direction de la C\u00f4te d\u2019Ivoire suite aux attaques r\u00e9centes le 12 juin par Engin explosif improvis\u00e9, tuant 3 militaires \u00e0 Togolokaye, le 6 juin \u00e0 Tougbo, le 19 mai contre 2 postes douaniers ou encore le 29 mars 2021 contre des postes des forces de d\u00e9fense et de s\u00e9curit\u00e9 \u00e0 Kafolo et Tehini et enfin, le 21 avril contre un camp militaire \u00e0 Abidjan.<\/li>\n<li>Les Chefs d\u2019Etat du G5 Sahel, confront\u00e9s \u00e0 un combat de longue haleine contre le terrorisme, ont salu\u00e9 l\u2019adoption \u00e0 l\u2019unanimit\u00e9, le 29 juin 2021, de la r\u00e9solution 2584 renouvelant le mandat de la MINUSMA et maintenant le m\u00e9canisme tripartite de soutien \u00e0 la Force conjointe du G5 Sahel. Ils ont not\u00e9 avec satisfaction la demande adress\u00e9e au Secr\u00e9tariat g\u00e9n\u00e9ral des Nations unies de produire i) un rapport d\u2019ici au 15 juillet sur une possible augmentation du plafond de troupes de la mission et ii) un rapport d\u2019ici au 30 septembre sur les options alternatives de soutien au G5-Sahel. Ils ont rappel\u00e9 leur demande constante pour un financement p\u00e9renne et pr\u00e9visible de la Force conjointe du G5 Sahel, ainsi que l\u2019octroi d\u2019un mandat sous le Chapitre VII de la charte des Nations-Unies.<\/li>\n<li>Les Chefs d\u2019Etat du G5 Sahel ont condamn\u00e9 l\u2019attaque survenue le dimanche 30 mai 2021 \u00e0 Sourou, village situ\u00e9 en territoire tchadien \u00e0 la fronti\u00e8re avec la R\u00e9publique centrafricaine, et se sont f\u00e9licit\u00e9s de la mise en place d\u2019une commission d\u2019enqu\u00eate internationale ind\u00e9pendante et impartiale.<\/li>\n<li>Les Chefs d\u2019Etat du G5 Sahel ont \u00e9galement salu\u00e9 le renouvellement du mandat de la Force conjointe du G5 Sahel par le Conseil de paix et de s\u00e9curit\u00e9 de l\u2019Union africaine lors de sa r\u00e9union du 06 juillet 2021.<\/li>\n<li>Les Chefs d\u2019Etat du G5 Sahel ont encourag\u00e9 la CEDEAO \u00e0 mettre effectivement en \u0153uvre son plan d\u2019actions prioritaires 2020-2024 pour \u00e9radiquer le terrorisme dans l\u2019espace CEDEAO et en particulier, la mise \u00e0 disposition d\u2019un soutien au Burkina Faso, au Mali et au Niger pour participer \u00e0 la s\u00e9curisation des trois fronti\u00e8res de la Zone LIPTAKO GOURMA.<\/li>\n<li>Les Chefs d\u2019Etat du G5 Sahel ont d\u00e9cid\u00e9 de renforcer la coop\u00e9ration avec les pays du Golfe de Guin\u00e9e en mati\u00e8re de lutte contre le terrorisme et de renforcement des capacit\u00e9s des forces de d\u00e9fense et de s\u00e9curit\u00e9 pour contrer l\u2019expansion du terrorisme vers le Sud.<\/li>\n<\/ol>\n<p><strong><em>Sur l\u2019adaptation du dispositif militaire fran\u00e7ais au Sahel<\/em><\/strong><\/p>\n<ol start=\"17\">\n<li>Les Chefs d\u2019Etat du G5 Sahel ont pris note de la d\u00e9cision du Pr\u00e9sident de la R\u00e9publique fran\u00e7aise de transformer le dispositif militaire fran\u00e7ais d\u00e9ploy\u00e9 au Sahel qui s\u2019inscrit dans le cadre des discussions conduites depuis le Sommet de Pau en janvier 2020 et poursuivies lors du Sommet de N\u2019Djamena en f\u00e9vrier 2021.<\/li>\n<li>Les Chefs d\u2019Etat du G5 Sahel ont remerci\u00e9 la France pour son soutien ind\u00e9fectible dans la lutte contre le terrorisme depuis l\u2019apparition dans la r\u00e9gion de groupes arm\u00e9s affili\u00e9s \u00e0 Al Qa\u00efda et \u00e0 l\u2019Etat islamique. Ils ont tenu \u00e0 rendre hommage aux soldats africains, fran\u00e7ais et internationaux, qui sont tomb\u00e9s au champ d\u2019honneur pour la stabilit\u00e9 du Sahel.<\/li>\n<li>Les Chefs d\u2019Etat du G5 Sahel se sont f\u00e9licit\u00e9s de la volont\u00e9 exprim\u00e9e par la France de poursuivre ses efforts en la mati\u00e8re selon des modalit\u00e9s r\u00e9nov\u00e9es d\u00e9finies en concertation avec les Etats concern\u00e9s. Ils savent pouvoir compter sur la qualit\u00e9 de ce partenariat strat\u00e9gique \u00e9labor\u00e9 conjointement depuis 2013.<\/li>\n<li>Les Chefs d\u2019Etat ont pris note de la concertation engag\u00e9e avec la France et tous les autres partenaires engag\u00e9s dans la lutte contre le terrorisme au Sahel. Ils ont exprim\u00e9 leur gratitude \u00e0 l\u2019\u00e9gard des efforts de ces partenaires qui interviennent en appui aux arm\u00e9es nationales, en appui \u00e0 la force conjointe du G5 Sahel, en appui \u00e0 Barkhane, dans le cadre de la MINUSMA, des op\u00e9rations europ\u00e9ennes EUTM Mali, EUCAP Sahel Mali et EUCAP Sahel Niger et de la task-force Takuba.<\/li>\n<\/ol>\n<p><strong><em>Sur le suivi des engagements de N\u2019Djamena<\/em><\/strong><\/p>\n<ol start=\"21\">\n<li>Les Chefs d\u2019Etat du G5 Sahel ont soulign\u00e9 l\u2019importance de poursuivre les efforts collectifs engag\u00e9s dans le cadre de la Coalition pour le Sahel, conform\u00e9ment \u00e0 la feuille de route adopt\u00e9e le 19 mars 2021, notamment en mati\u00e8re de d\u00e9ploiement des services de l\u2019Etat sur l\u2019ensemble des territoires nationaux.<\/li>\n<li>Les Chefs d\u2019Etat du G5 Sahel, consid\u00e9rant la question de la mise en \u0153uvre de la feuille de route de la Coalition pour le Sahel, ont r\u00e9affirm\u00e9 leur attachement \u00e0 cette feuille de route et salu\u00e9 la constitution, dans chacun des Etats, d\u2019un dispositif de pilotage interminist\u00e9riel au plus haut niveau, destin\u00e9 \u00e0 mettre en place un plan national de d\u00e9ploiement de l\u2019Etat et des services aux populations.<\/li>\n<li>Les Chefs d\u2019Etat du G5 Sahel ont r\u00e9affirm\u00e9 l\u2019urgence de la mise en \u0153uvre effective des actions au niveau des quatre piliers de la feuille de route et escomptent des r\u00e9sultats probants \u00e0 l\u2019occasion du prochain sommet de la Coalition pour le Sahel, qui pourrait se tenir en septembre 2021.<\/li>\n<li>Les Chefs d\u2019Etat du G5 Sahel ont par ailleurs invit\u00e9 les acteurs concern\u00e9s \u00e0 poursuivre diligemment la mise en \u0153uvre des actions de la feuille de route de la Pr\u00e9sidence tchadienne du G5 Sahel valid\u00e9e par le feu Mar\u00e9chal Idriss DEBY ITNO et dont les objectifs strat\u00e9giques sont concourants avec ceux de la Coalition pour le Sahel.<\/li>\n<li>Les Chefs d\u2019Etat du G5 Sahel se sont f\u00e9licit\u00e9s de la volont\u00e9 de la Pr\u00e9sidence tchadienne de conduire les chantiers majeurs du G5 Sahel et ont r\u00e9it\u00e9r\u00e9 au Secr\u00e9taire ex\u00e9cutif leurs instructions et l\u2019urgence d\u2019aboutir sur la r\u00e9vision de la Convention portant cr\u00e9ation du G5 Sahel, sur l\u2019actualisation de la Strat\u00e9gie pour le D\u00e9veloppement et la S\u00e9curit\u00e9 du G5 Sahel, de la r\u00e9vision du Plan d\u2019Investissements Prioritaires (PIP) 2019-2021 et l\u2019\u00e9laboration du PIP 2022-24 et l\u2019ach\u00e8vement de la r\u00e9forme institutionnelle du Secr\u00e9tariat ex\u00e9cutif du G5 Sahel.<\/li>\n<\/ol>\n<p><strong><em>Sur la situation au Mali et au Tchad<\/em><\/strong><\/p>\n<ol start=\"26\">\n<li>Les Chefs d\u2019Etat du G5 Sahel ont pris acte de la volont\u00e9 du Conseil Militaire de Transition de respecter ses engagements internationaux en mati\u00e8re de lutte contre le terrorisme et de son engagement \u00e0 tenir dans la p\u00e9riode de Transition de 18 mois, de nouvelles \u00e9lections d\u00e9mocratiques, libres et transparentes.<\/li>\n<li>Les Chefs d\u2019Etat du G5 Sahel ont pris acte des communiqu\u00e9s du sommet extraordinaire des Chefs d\u2019Etat de la CEDEAO sur le Mali, le 30 mai 2021, et de la r\u00e9union du Conseil Paix et S\u00e9curit\u00e9 de l\u2019Union africaine sur le Mali, le 1<sup>er<\/sup> juin 2021. Ils ont \u00e9galement pris acte de la volont\u00e9 des autorit\u00e9s de la Transition du Mali \u00e0 respecter les engagements pris pour l\u2019organisation des \u00e9lections g\u00e9n\u00e9rales libres, cr\u00e9dibles, transparentes et inclusives aux \u00e9ch\u00e9ances pr\u00e9vues.<\/li>\n<li>Les Chefs d\u2019Etat du G5 Sahel ont appel\u00e9 la communaut\u00e9 internationale \u00e0 soutenir et \u00e0 accompagner les r\u00e9gimes de Transition au Mali et au Tchad pour un retour rapide \u00e0 l\u2019ordre constitutionnel et l\u2019instauration de la paix et de la stabilit\u00e9, gage d\u2019un d\u00e9veloppement durable.<\/li>\n<\/ol>\n<p><strong><em>Sur la situation sanitaire et \u00e9conomique<\/em><\/strong><\/p>\n<ol start=\"29\">\n<li>Les Chefs d\u2019Etat du G5 Sahel ont appel\u00e9 les Partenaires du G5 Sahel \u00e0 soutenir la D\u00e9claration des Chefs d\u2019Etat du G5 Sahel pour une restructuration de la dette des pays du G5 Sahel, adopt\u00e9e \u00e0 l\u2019occasion du Sommet de N\u2019Djamena le 15 f\u00e9vrier 2021 et \u00e0 mieux informer les populations.<\/li>\n<li>Les Chefs d\u2019Etat du G5 Sahel ont \u00e9galement appel\u00e9 les Partenaires du G5 Sahel \u00e0 consid\u00e9rer le contexte sanitaire li\u00e9 \u00e0 la pand\u00e9mie de COVID-19 et les cons\u00e9quences socio-\u00e9conomiques qui auront encore appauvri les populations les plus fragiles. A ce sujet, ils demandent que soient pris toute mesure permettant d\u2019entreprendre dans le m\u00eame temps des campagnes de vaccination et alertent la Communaut\u00e9 internationale sur le besoin de disposer de vaccins contre le COVID-19. Sur ce sujet, ils saluent ainsi les initiatives pour la lev\u00e9e des Brevets sur les vaccins contre le COVID-19.<\/li>\n<li>Les Chefs d\u2019Etat du G5 Sahel se sont f\u00e9licit\u00e9s des conclusions du Sommet sur les \u00e9conomies africaines le 18 mai 2021 \u00e0 Paris.<\/li>\n<li>Les Chefs d\u2019Etat du G5 Sahel ont rappel\u00e9 l\u2019importance de consid\u00e9rer les questions de d\u00e9veloppement comme une priorit\u00e9 entrant dans le cadre de la stabilisation de la r\u00e9gion. Ils ont, \u00e0 cet effet, invit\u00e9 l\u2019ensemble des acteurs \u00e0 travailler \u00e0 la mise en \u0153uvre effective des projets et programmes du PIP et du Cadre d\u2019Actions Prioritaires Int\u00e9gr\u00e9 (CAPI).<\/li>\n<\/ol>\n<p>Ils ont, dans cette dynamique, reconnu que l\u2019Initiative\u00a0\u00ab\u00a0Desert to Power\u00a0\u00bb port\u00e9e par la Banque Africaine de\u00a0D\u00e9veloppement\u00a0(BAD) est une priorit\u00e9 pour les pays du G5 Sahel au regard de l\u2019importance de l\u2019\u00e9nergie pour le d\u00e9veloppement \u00e9conomique et social, essentiel pour relever les d\u00e9fis de s\u00e9curit\u00e9. Ils ont appel\u00e9 \u00e0 l\u2019acc\u00e9l\u00e9ration de sa mise en \u0153uvre et exprim\u00e9 leur soutien \u00e0 la demande soumise par la BAD au Fonds Vert pour le Climat (FVC) pour le financement de l\u2019Initiative \u00ab\u00a0Desert to power\u00a0\u00bb.<\/p>\n<p><strong><em>D\u00e9signation du Secr\u00e9taire Ex\u00e9cutif du G5 Sahel<\/em><\/strong><\/p>\n<ol start=\"33\">\n<li>Les Chefs d\u2019Etat du G5 Sahel ont salu\u00e9 l\u2019important travail accompli par SEM Maman Sambo SIDIKOU en qualit\u00e9 de Secr\u00e9taire Ex\u00e9cutif du G5 Sahel, notamment le positionnement strat\u00e9gique du G5 Sahel dans l\u2019environnement r\u00e9gional et international et les avanc\u00e9es majeures dans la r\u00e9forme institutionnelle de l\u2019organisation.<\/li>\n<\/ol>\n<p>Ils lui ont souhait\u00e9 plein succ\u00e8s dans ses nouvelles fonctions de Haut repr\u00e9sentant du Pr\u00e9sident de la Commission de l\u2019Union africaine pour le Mali et le Sahel, tout en lui assurant leur soutien.<\/p>\n<ol start=\"34\">\n<li>Ils ont ent\u00e9rin\u00e9 la nomination de M. TIARE Yemdaogo Eric comme Secr\u00e9taire Ex\u00e9cutif du G5 Sahel.<\/li>\n<li>Ils ont adopt\u00e9 le principe de mandat unique et de rotation entre les pays pour le poste de Secr\u00e9taire Ex\u00e9cutif du G5 Sahel.<\/li>\n<li>Les Chefs d\u2019Etat du G5 Sahel ont remerci\u00e9 <strong>E.M. le G\u00e9n\u00e9ral de Corps d\u2019Arm\u00e9e MAHAMAT IDRISS DEBY ITNO<\/strong> d\u2019avoir r\u00e9uni en urgence la Conf\u00e9rence des Chefs d\u2019Etat sur la stabilit\u00e9 r\u00e9gionale.<\/li>\n<\/ol>\n<p>\u00a0<\/p>\n<p>Fait par visioconf\u00e9rence, le 09 juillet 2021<\/p>\n<p><strong>Pour la Conf\u00e9rence, le Pr\u00e9sident en exercice<\/strong><\/p>\n<p>\u00a0<\/p>\n<p>\u00a0<\/p>\n<p>\u00a0<\/p>\n<p><strong><u>Le G\u00e9n\u00e9ral de Corps d\u2019Arm\u00e9e MAHAMAT IDRISS DEBY ITNO<\/u><\/strong><\/p>\n<p>\u00a0<\/p>\n<p><strong>\u00a0<\/strong><\/p>\n<p>L\u2019article <a rel=\"nofollow\" href=\"https:\/\/www.sidwaya.info\/blog\/2021\/07\/09\/5e-session-extraordinaire-de-la-conference-des-chefs-detat-du-sahel\/\">5e Session Extraordinaire de la conf\u00e9rence des Chefs d\u2019Etat du Sahel<\/a> est apparu en premier sur <a rel=\"nofollow\" href=\"https:\/\/www.sidwaya.info\/\">Quotidien Sidwaya<\/a>.<\/p>\n<\/div>\n<p>Auteur: Wamini SIDWAYA<br \/>\n<a href=\"https:\/\/www.sidwaya.info\/blog\/2021\/07\/09\/5e-session-extraordinaire-de-la-conference-des-chefs-detat-du-sahel\/\">Cliquez ici pour lire l&rsquo;article depuis sa source.<\/a><\/p>\n","protected":false},"excerpt":{"rendered":"<p>COMMUNIQUE FINAL Sur invitation de E.M. le G\u00e9n\u00e9ral de Corps d\u2019Arm\u00e9e MAHAMAT IDRIS DEBY ITNO, Pr\u00e9sident du Conseil Militaire de Transition, Pr\u00e9sident de la R\u00e9publique du Tchad, Chef de l\u2019\u00c9tat, Pr\u00e9sident en exercice du G5 Sahel, les Chefs d\u2019\u00c9tat des pays membres du G5 Sahel se sont r\u00e9unis ce jour 9 juillet 2021, par visioconf\u00e9rence, [&hellip;]<\/p>\n","protected":false},"author":1816,"featured_media":0,"comment_status":"closed","ping_status":"closed","sticky":false,"template":"","format":"standard","meta":{"fifu_image_url":"","fifu_image_alt":"","footnotes":""},"categories":[73,81],"tags":[],"class_list":["post-120962","post","type-post","status-publish","format-standard","hentry","category-actualite","category-burkina-faso"],"_links":{"self":[{"href":"https:\/\/linitiative.ca\/International\/wp-json\/wp\/v2\/posts\/120962","targetHints":{"allow":["GET"]}}],"collection":[{"href":"https:\/\/linitiative.ca\/International\/wp-json\/wp\/v2\/posts"}],"about":[{"href":"https:\/\/linitiative.ca\/International\/wp-json\/wp\/v2\/types\/post"}],"author":[{"embeddable":true,"href":"https:\/\/linitiative.ca\/International\/wp-json\/wp\/v2\/users\/1816"}],"replies":[{"embeddable":true,"href":"https:\/\/linitiative.ca\/International\/wp-json\/wp\/v2\/comments?post=120962"}],"version-history":[{"count":0,"href":"https:\/\/linitiative.ca\/International\/wp-json\/wp\/v2\/posts\/120962\/revisions"}],"wp:attachment":[{"href":"https:\/\/linitiative.ca\/International\/wp-json\/wp\/v2\/media?parent=120962"}],"wp:term":[{"taxonomy":"category","embeddable":true,"href":"https:\/\/linitiative.ca\/International\/wp-json\/wp\/v2\/categories?post=120962"},{"taxonomy":"post_tag","embeddable":true,"href":"https:\/\/linitiative.ca\/International\/wp-json\/wp\/v2\/tags?post=120962"}],"curies":[{"name":"wp","href":"https:\/\/api.w.org\/{rel}","templated":true}]}}