{"id":120967,"date":"2021-07-09T15:27:13","date_gmt":"2021-07-09T19:27:13","guid":{"rendered":"https:\/\/linitiative.ca\/International\/cameroun-pour-le-pcrn-le-gouvernement-marque-moins-dinteret-pour-les-cni-parce-quelles-rapportent-peu-dargent\/"},"modified":"2021-07-09T15:27:13","modified_gmt":"2021-07-09T19:27:13","slug":"cameroun-pour-le-pcrn-le-gouvernement-marque-moins-dinteret-pour-les-cni-parce-quelles-rapportent-peu-dargent","status":"publish","type":"post","link":"https:\/\/linitiative.ca\/International\/cameroun-pour-le-pcrn-le-gouvernement-marque-moins-dinteret-pour-les-cni-parce-quelles-rapportent-peu-dargent\/","title":{"rendered":"Cameroun : pour le PCRN, le gouvernement marque moins d\u2019int\u00e9r\u00eat pour les CNI parce qu\u2019elles rapportent peu d\u2019argent"},"content":{"rendered":"<div>\n<p><img loading=\"lazy\" decoding=\"async\" width=\"900\" height=\"704\" src=\"https:\/\/linitiative.ca\/International\/wp-content\/uploads\/sites\/23\/2021\/07\/Anne-Feconde-Noah.jpg\" class=\"attachment-post-thumbnail size-post-thumbnail wp-post-image\" alt=\"\" srcset=\"https:\/\/linitiative.ca\/International\/wp-content\/uploads\/sites\/23\/2021\/07\/Anne-Feconde-Noah.jpg 900w, https:\/\/www.journalducameroun.com\/wp-content\/uploads\/2021\/07\/Anne-Feconde-Noah-300x235.jpg 300w, https:\/\/www.journalducameroun.com\/wp-content\/uploads\/2021\/07\/Anne-Feconde-Noah-768x601.jpg 768w, https:\/\/www.journalducameroun.com\/wp-content\/uploads\/2021\/07\/Anne-Feconde-Noah-563x440.jpg 563w, https:\/\/www.journalducameroun.com\/wp-content\/uploads\/2021\/07\/Anne-Feconde-Noah-600x469.jpg 600w\" sizes=\"auto, (max-width: 900px) 100vw, 900px\"><\/p>\n<h5 style=\"text-align: justify;\">Anne Feconde Noah, porte-parole du pr\u00e9sident du Parti camerounais pour la r\u00e9conciliation nationale, est critique \u00e0 l\u2019endroit de la police en raison de la modernisation du service \u00a0de d\u00e9livrance des passeports, avant celui des Cartes nationales d\u2019identit\u00e9 (CNI) dont la possession est obligatoire.<\/h5>\n<p style=\"text-align: justify;\">\n<p style=\"text-align: justify;\">\u00ab <em>On d\u00e9couvre que la DGSN est capable de moderniser ses services. Nous la f\u00e9licitons. Mais il nous semble injuste et d\u00e9s\u00e9quilibr\u00e9 que, face \u00e0 un plus grand nombre de citoyens ayant besoin de CNI, la DG donne la priorit\u00e9 \u00e0 la production de passeports. Nous pensons qu\u2019il aurait \u00e9t\u00e9 plus juste et pertinent d\u2019aborder ces deux questions en m\u00eame temps, si nous ne nous \u00e9tions pas principalement pr\u00e9occup\u00e9s de celles de la CNI. Car il faut se rappeler que le passeport est un titre de voyage alors qu\u2019on n\u2019est pas citoyen si on n\u2019a pas de CNI<\/em> \u00bb, a pr\u00e9cis\u00e9 Anne Feconde Noah lors d\u2019une conf\u00e9rence de presse donn\u00e9e le 7 juillet 2021 \u00e0 Yaound\u00e9.<\/p>\n<p style=\"text-align: justify;\">L\u2019initiatrice du mouvement \u201chashtag je veux mA CNI\u201d pense que le gouvernement\u00a0 a davantage fait un choix financier. \u00ab\u00a0 <em>\u00c7a fait penser que le but est de sauver la tr\u00e9sorerie, car la CNI ne rapporte pas autant que le passeport\u00a0<\/em>\u00bb, affirme-t-elle, constatant par ailleurs que le co\u00fbt du passeport est pass\u00e9 de 75\u00a0000 \u00e0 110\u00a0000 FCFA et sa d\u00e9livrance s\u2019effectue d\u00e9sormais en 48 heures.<\/p>\n<p style=\"text-align: justify;\">Le porte-parole de l\u2019Honorable Cabral Libii sugg\u00e8re ainsi \u00e0 la D\u00e9l\u00e9gation g\u00e9n\u00e9rale \u00e0 la Suret\u00e9 nationale de fixer un montant \u00e0 payer afin de profiter de la m\u00eame rapidit\u00e9 dans la fabrication de CNI. . \u00ab\u00a0<em>Nous demandons donc \u00e0 la DGSN : combien voulez-vous que les citoyens paient pour b\u00e9n\u00e9ficier de services plus ou moins normaux dans le cas de la CNI ?\u201d<\/em>\u00a0\u00bb, interroge-t-elle.<\/p>\n<p style=\"text-align: justify;\">\n<p>Cet article <a rel=\"nofollow\" href=\"https:\/\/www.journalducameroun.com\/cameroun-pour-le-pcrn-le-gouvernement-marque-moins-dinteret-pour-les-cni-parce-quelles-rapportent-peu-dargent-cameroun\/\">Cameroun : pour le PCRN, le gouvernement marque moins d\u2019int\u00e9r\u00eat pour les CNI parce qu\u2019elles rapportent peu d\u2019argent<\/a> est apparu en premier sur <a rel=\"nofollow\" href=\"https:\/\/www.journalducameroun.com\/\">Journal du Cameroun<\/a>.<\/p>\n<\/div>\n<p>Auteur: Christian DJIMADEU<br \/>\n<a href=\"https:\/\/www.journalducameroun.com\/cameroun-pour-le-pcrn-le-gouvernement-marque-moins-dinteret-pour-les-cni-parce-quelles-rapportent-peu-dargent-cameroun\/\">Cliquez ici pour lire l&rsquo;article depuis sa source.<\/a><\/p>\n","protected":false},"excerpt":{"rendered":"<p>Anne Feconde Noah, porte-parole du pr\u00e9sident du Parti camerounais pour la r\u00e9conciliation nationale, est critique \u00e0 l\u2019endroit de la police en raison de la modernisation du service \u00a0de d\u00e9livrance des passeports, avant celui des Cartes nationales d\u2019identit\u00e9 (CNI) dont la possession est obligatoire. \u00ab On d\u00e9couvre que la DGSN est capable de moderniser ses services. [&hellip;]<\/p>\n","protected":false},"author":1965,"featured_media":0,"comment_status":"closed","ping_status":"closed","sticky":false,"template":"","format":"standard","meta":{"fifu_image_url":"https:\/\/www.journalducameroun.com\/wp-content\/uploads\/2021\/07\/Anne-Feconde-Noah.jpg","fifu_image_alt":"Cameroun : pour le PCRN, le gouvernement marque moins d\u2019int\u00e9r\u00eat pour les CNI parce qu\u2019elles rapportent peu d\u2019argent","footnotes":""},"categories":[73,82],"tags":[],"class_list":["post-120967","post","type-post","status-publish","format-standard","hentry","category-actualite","category-cameroun"],"_links":{"self":[{"href":"https:\/\/linitiative.ca\/International\/wp-json\/wp\/v2\/posts\/120967","targetHints":{"allow":["GET"]}}],"collection":[{"href":"https:\/\/linitiative.ca\/International\/wp-json\/wp\/v2\/posts"}],"about":[{"href":"https:\/\/linitiative.ca\/International\/wp-json\/wp\/v2\/types\/post"}],"author":[{"embeddable":true,"href":"https:\/\/linitiative.ca\/International\/wp-json\/wp\/v2\/users\/1965"}],"replies":[{"embeddable":true,"href":"https:\/\/linitiative.ca\/International\/wp-json\/wp\/v2\/comments?post=120967"}],"version-history":[{"count":0,"href":"https:\/\/linitiative.ca\/International\/wp-json\/wp\/v2\/posts\/120967\/revisions"}],"wp:attachment":[{"href":"https:\/\/linitiative.ca\/International\/wp-json\/wp\/v2\/media?parent=120967"}],"wp:term":[{"taxonomy":"category","embeddable":true,"href":"https:\/\/linitiative.ca\/International\/wp-json\/wp\/v2\/categories?post=120967"},{"taxonomy":"post_tag","embeddable":true,"href":"https:\/\/linitiative.ca\/International\/wp-json\/wp\/v2\/tags?post=120967"}],"curies":[{"name":"wp","href":"https:\/\/api.w.org\/{rel}","templated":true}]}}