{"id":120969,"date":"2021-07-09T16:18:01","date_gmt":"2021-07-09T20:18:01","guid":{"rendered":"https:\/\/linitiative.ca\/International\/cote-divoire-une-grille-de-controle-pour-la-visite-technique-des-motos-bientot-elaboree\/"},"modified":"2021-07-09T16:18:01","modified_gmt":"2021-07-09T20:18:01","slug":"cote-divoire-une-grille-de-controle-pour-la-visite-technique-des-motos-bientot-elaboree","status":"publish","type":"post","link":"https:\/\/linitiative.ca\/International\/cote-divoire-une-grille-de-controle-pour-la-visite-technique-des-motos-bientot-elaboree\/","title":{"rendered":"C\u00f4te d\u2019Ivoire: une grille de contr\u00f4le pour la visite technique des motos bient\u00f4t \u00e9labor\u00e9e"},"content":{"rendered":"<div>\n<p><img loading=\"lazy\" decoding=\"async\" width=\"800\" height=\"533\" src=\"https:\/\/linitiative.ca\/International\/wp-content\/uploads\/sites\/23\/2021\/07\/16258618813121.jpg\" class=\"attachment-post-thumbnail size-post-thumbnail wp-post-image\" alt=\"\" srcset=\"https:\/\/linitiative.ca\/International\/wp-content\/uploads\/sites\/23\/2021\/07\/16258618813121.jpg 800w, https:\/\/www.journalducameroun.com\/wp-content\/uploads\/2021\/07\/16258618813121-300x200.jpg 300w, https:\/\/www.journalducameroun.com\/wp-content\/uploads\/2021\/07\/16258618813121-768x512.jpg 768w, https:\/\/www.journalducameroun.com\/wp-content\/uploads\/2021\/07\/16258618813121-660x440.jpg 660w, https:\/\/www.journalducameroun.com\/wp-content\/uploads\/2021\/07\/16258618813121-600x400.jpg 600w\" sizes=\"auto, (max-width: 800px) 100vw, 800px\"><\/p>\n<p>Une grille de contr\u00f4le de l&rsquo;\u00e9tat des v\u00e9hicules motoris\u00e9s en C\u00f4te d&rsquo;Ivoire devrait \u00eatre bient\u00f4t \u00e9labor\u00e9e afin de rendre op\u00e9rationnel le caract\u00e8re obligatoire de la visite technique des motos.<\/p>\n<p>Selon M. Roger Bini, directeur des op\u00e9rations de la Soci\u00e9t\u00e9 de contr\u00f4le technique automobile (Sicta, priv\u00e9e) ce qui reste apr\u00e8s le d\u00e9cret imposant la visite technique aux engins motoris\u00e9s y compris les deux et trois roues, est la \u00ab\u00a0grille de contr\u00f4le\u00a0\u00bb.\u00a0<\/p>\n<p>M. Bini s&rsquo;exprimait \u00e0 l&rsquo;occasion d&rsquo;une visite d&rsquo;une d\u00e9l\u00e9gation de \u00ab\u00a0Les rencontres \u00a0annuelles de la mobilit\u00e9 (RAMES)\u00a0\u00bb, une plateforme regroupant les acteurs du secteur routier, qui ont effectu\u00e9 une visite au sein de cette soci\u00e9t\u00e9 de contr\u00f4le automobile \u00e0 Port-Bouet, dans le Sud d&rsquo;Abidjan. \u00a0<\/p>\n<p>Tr\u00e8s bient\u00f4t, confiera-t-il, le minist\u00e8re des Transports et les entit\u00e9s concern\u00e9es vont convoquer toutes les op\u00e9rateurs en vue de travailler sur ce sujet pour d\u00e9finir les param\u00e8tres, entre autres les d\u00e9fauts et les degr\u00e9s de tol\u00e9rance.\u00a0<\/p>\n<p>\u00ab\u00a0Il faut que l&rsquo;Etat nous donne un cahier de charges pour dire, par exemple, la validit\u00e9 de la visite technique d&rsquo;une moto c&rsquo;est un an ou six mois (&#8230;) quand est-ce que \u00e7a commence, et quelle est la couleur du certificat qu&rsquo;on va mettre en place\u00a0\u00bb, a-t-il dit.\u00a0<\/p>\n<p>Aujourd&rsquo;hui, c&rsquo;est \u00ab\u00a0la phase ex\u00e9cutoire du projet qui reste \u00e0 faire\u00a0\u00bb, a-t-il poursuivi, tout en se r\u00e9jouissant de la mesure rendant obligatoire la visite technique des motos, qui sont de plus en plus impliqu\u00e9es dans des accidents de la circulation. \u00a0<\/p>\n<p>Un constat ressort qu&rsquo;apr\u00e8s l&rsquo;accident, les conducteurs des motos prennent la poudre d&rsquo;escampette parce qu&rsquo;ils ne sont pas immatricul\u00e9s et c&rsquo;est difficile de les identifier, a-t-il fait observer.<\/p>\n<p>Auparavant, la d\u00e9l\u00e9gation a visit\u00e9 Star Auto, un concessionnaire de marques automobiles. Le directeur g\u00e9n\u00e9ral de la structure, Nouhoun Koulibali, a fait savoir que la soci\u00e9t\u00e9 op\u00e8re sur le projet de renouvellement du parc automobile ivoirien.<\/p>\n<p>La soci\u00e9t\u00e9 m\u00e8nera d&rsquo;ici \u00e0 fin 2021, avec l&rsquo;Office de s\u00e9curit\u00e9 routi\u00e8re (Oser), une campagne de sensibilisation sur la discipline des conducteurs. Les accidents de la route font dans le pays \u00ab\u00a012.000 tu\u00e9s et plus de 21.000 bless\u00e9s en moyenne par an\u00a0\u00bb.\u00a0<\/p>\n<p>Ensuite, une visite a \u00e9t\u00e9 faite au roi de Moossou, dans la cit\u00e9 baln\u00e9aire de Grand-Bassam, \u00e0 40 Km au Sud-Est d&rsquo;Abidjan. Ici, la d\u00e9l\u00e9gation a eu droit \u00e0 l&rsquo;histoire fondatrice du royaume, dirig\u00e9 aujourd&rsquo;hui par Nanan Kanga Assoumou.<\/p>\n<p>Le roi Kanga Assoumou, install\u00e9 en mai 1991, a c\u00e9l\u00e9br\u00e9 en mai 2021 ses 30 ans de r\u00e8gne. M. Barth\u00e9lemy Kouam\u00e9, directeur g\u00e9n\u00e9ral de Acturoutes, structure promoteur de Les Rames, conduisait cette d\u00e9l\u00e9gation.\u00a0<\/p>\n<p>La visite a pris fin par un \u00e9change avec des responsables en charge de la station \u00e0 p\u00e9age de la route internationale de Grand-Bassam, porte d&rsquo;entr\u00e9e des v\u00e9hicules en provenance ou en transit du Ghana vers Abidjan.\u00a0<\/p>\n<p>Quelque 1.000 visiteurs sont attendus \u00e0 la 1ere \u00e9dition de Les rencontres annuelles de la mobilit\u00e9 \u00a0(Les RAMes), une plateforme mettant en relation tous les acteurs du secteur des transports, de la route et des mobilit\u00e9s, pr\u00e9vues du 8 au 10 juillet \u00e0 Abidjan.\u00a0<\/p>\n<p>Le th\u00e8me central de Les Rames est \u00ab\u00a0Mobilit\u00e9 : les offres, les innovations et les perspectives\u00a0\u00bb. La premi\u00e8re journ\u00e9e a \u00e9t\u00e9 consacr\u00e9e aux visites techniques, et les 9 et 10 juillet, se tiendront les assises et l&rsquo;exposition.\u00a0<\/p>\n<p>Cet article <a rel=\"nofollow\" href=\"https:\/\/www.journalducameroun.com\/cote-divoire-une-grille-de-controle-pour-la-visite-technique-des-motos-bientot-elaboree\/\">C\u00f4te d\u2019Ivoire: une grille de contr\u00f4le pour la visite technique des motos bient\u00f4t \u00e9labor\u00e9e<\/a> est apparu en premier sur <a rel=\"nofollow\" href=\"https:\/\/www.journalducameroun.com\/\">Journal du Cameroun<\/a>.<\/p>\n<\/div>\n<p>Auteur: APA News<br \/>\n<a href=\"https:\/\/www.journalducameroun.com\/cote-divoire-une-grille-de-controle-pour-la-visite-technique-des-motos-bientot-elaboree\/\">Cliquez ici pour lire l&rsquo;article depuis sa source.<\/a><\/p>\n","protected":false},"excerpt":{"rendered":"<p>Une grille de contr\u00f4le de l&rsquo;\u00e9tat des v\u00e9hicules motoris\u00e9s en C\u00f4te d&rsquo;Ivoire devrait \u00eatre bient\u00f4t \u00e9labor\u00e9e afin de rendre op\u00e9rationnel le caract\u00e8re obligatoire de la visite technique des motos. Selon M. Roger Bini, directeur des op\u00e9rations de la Soci\u00e9t\u00e9 de contr\u00f4le technique automobile (Sicta, priv\u00e9e) ce qui reste apr\u00e8s le d\u00e9cret imposant la visite technique [&hellip;]<\/p>\n","protected":false},"author":1965,"featured_media":0,"comment_status":"closed","ping_status":"closed","sticky":false,"template":"","format":"standard","meta":{"fifu_image_url":"https:\/\/www.journalducameroun.com\/wp-content\/uploads\/2021\/07\/16258618813121.jpg","fifu_image_alt":"C\u00f4te d\u2019Ivoire: une grille de contr\u00f4le pour la visite technique des motos bient\u00f4t \u00e9labor\u00e9e","footnotes":""},"categories":[73,82],"tags":[],"class_list":["post-120969","post","type-post","status-publish","format-standard","hentry","category-actualite","category-cameroun"],"_links":{"self":[{"href":"https:\/\/linitiative.ca\/International\/wp-json\/wp\/v2\/posts\/120969","targetHints":{"allow":["GET"]}}],"collection":[{"href":"https:\/\/linitiative.ca\/International\/wp-json\/wp\/v2\/posts"}],"about":[{"href":"https:\/\/linitiative.ca\/International\/wp-json\/wp\/v2\/types\/post"}],"author":[{"embeddable":true,"href":"https:\/\/linitiative.ca\/International\/wp-json\/wp\/v2\/users\/1965"}],"replies":[{"embeddable":true,"href":"https:\/\/linitiative.ca\/International\/wp-json\/wp\/v2\/comments?post=120969"}],"version-history":[{"count":0,"href":"https:\/\/linitiative.ca\/International\/wp-json\/wp\/v2\/posts\/120969\/revisions"}],"wp:attachment":[{"href":"https:\/\/linitiative.ca\/International\/wp-json\/wp\/v2\/media?parent=120969"}],"wp:term":[{"taxonomy":"category","embeddable":true,"href":"https:\/\/linitiative.ca\/International\/wp-json\/wp\/v2\/categories?post=120969"},{"taxonomy":"post_tag","embeddable":true,"href":"https:\/\/linitiative.ca\/International\/wp-json\/wp\/v2\/tags?post=120969"}],"curies":[{"name":"wp","href":"https:\/\/api.w.org\/{rel}","templated":true}]}}