{"id":120973,"date":"2021-07-09T10:54:23","date_gmt":"2021-07-09T14:54:23","guid":{"rendered":"https:\/\/linitiative.ca\/International\/cacao-cafe-un-guichet-producteur-de-62-milliards-pour-booster-la-filiere\/"},"modified":"2021-07-09T10:54:23","modified_gmt":"2021-07-09T14:54:23","slug":"cacao-cafe-un-guichet-producteur-de-62-milliards-pour-booster-la-filiere","status":"publish","type":"post","link":"https:\/\/linitiative.ca\/International\/cacao-cafe-un-guichet-producteur-de-62-milliards-pour-booster-la-filiere\/","title":{"rendered":"Cacao-caf\u00e9 : un guichet producteur de 6,2 milliards pour booster la fili\u00e8re"},"content":{"rendered":"<div>\n<p>L\u2019on peut dire qu\u2019il s\u2019annonce des jours meilleurs pour la fili\u00e8re cacao-caf\u00e9 au Cameroun. Et pour cause, celle-ci vient de b\u00e9n\u00e9ficier de la cr\u00e9ation d\u2019un second guichet de financement des producteurs de cacao et de caf\u00e9 d\u00e9nomm\u00e9 \u2018\u2018guichet producteurs\u2019\u2019, lanc\u00e9 officiellement le jeudi\u00a0\u00a0juillet 2021, par les ministres de l\u2019Agriculture et du d\u00e9veloppement rural (Minader), Gabriel Mba\u00efrobe et celui du Commerce (Mincommerce), Luc Magloire Mbarga Atangana.<\/p>\n<p>Autoris\u00e9 le 25 f\u00e9vrier 2021 par la pr\u00e9sidence de la r\u00e9publique et port\u00e9 par le Fonds de d\u00e9veloppement des fili\u00e8res cacao-caf\u00e9 (Fodecc), le guichet producteurs se d\u00e9finit comme le m\u00e9canisme qui devra permettre aux producteurs des fili\u00e8res concern\u00e9es, des diff\u00e9rents bassins agricoles de rentrer en possession des subventions gouvernementales de masse ou \u00e0 la carte. Selon le Mincommerce\u00a0: \u00ab\u00a0le guichet producteur est de nature \u00e0 procurer \u00e0 ces derniers, face aux contraintes que je viens d\u2019\u00e9voquer, les moyens de leurs ambitions, par des dotations directes et accrues. Cet outil de modernisation de nos fili\u00e8res cacao et caf\u00e9, en ce qu\u2019il encourage la bancarisation des producteurs et l\u2019utilisation du num\u00e9rique au service du d\u00e9veloppement rural\u00a0\u00bb, confie-t-il.<\/p>\n<p><strong>Lire aussi<\/strong> : <strong><a href=\"https:\/\/ecomatin.net\/filiere-cacao-800-millionss-de-fcfa-pour-les-producteurs\/\">Fili\u00e8re cacao : 800 millions de Fcfa pour les producteurs<\/a><\/strong><\/p>\n<p>C\u00f4t\u00e9 producteur, l\u2019on accueille ce nouveau dispositif comme une manne venue du ciel, en ce sens qu\u2019elle vient r\u00e9duire la difficult\u00e9 d\u2019acc\u00e8s aux financements. \u00ab\u00a0Selon moi et si je me fie \u00e0 ce que disent les repr\u00e9sentants internationaux, les appuis seront directement distribu\u00e9s aux producteurs, c\u2019est ce qui m\u2019a int\u00e9ress\u00e9 dans le projet, parce qu\u2019avant ce n\u2019\u00e9tait pas le cas. Quand on parlait de subvention \u00e7a passait par certains membres et n\u2019arrivait pas \u00e0 bon port aupr\u00e8s du producteur\u00a0\u00bb, indique Laurent Gifiang, membre de la coop\u00e9rative Pamecoop CA, dans le d\u00e9partement de la Menoua, r\u00e9gion de l\u2019Ouest. \u00ab\u00a0Pour moi c\u2019est une bonne chose, car avec ce guichet, on aura la facilit\u00e9 d\u2019avoir des cr\u00e9dits, qui nous permettront de mieux travailler, mieux organiser nos coop\u00e9ratives pour avoir une bonne production\u00a0\u00bb, ajoute un producteur rencontr\u00e9 sur les lieux.<\/p>\n<p><strong>Lire auss<\/strong>i : <strong><a href=\"https:\/\/ecomatin.net\/cacao-un-potentiel-economique-en-peril-dans-la-region-de-lest\/\">Cacao : un potentiel \u00e9conomique en p\u00e9ril dans la r\u00e9gion de l\u2019Est<\/a><\/strong><\/p>\n<p>Dans le souci de relever ces deux fili\u00e8res, le guichet producteurs se donne pour objectif de favoriser l\u2019accroissement de la production nationale de cacao \u00e0 640\u00a0000 tonnes \u00e0 l\u2019horizon 2030. Pour ce qui est du caf\u00e9, l\u2019on envisage atteindre les 160\u00a0000 tonnes sur la m\u00eame p\u00e9riode. C\u2019est sur cette lanc\u00e9e que l\u2019enveloppe de 6,2 milliards a \u00e9t\u00e9 d\u00e9bloqu\u00e9e en guise de financement pour le compte de l\u2019ann\u00e9e en cours. Elle sera repartie aux producteurs via des subventions en trois cat\u00e9gories que sont respectivement : la subvention en intrants agricoles (engrais, semences\/plants et produits phytosanitaires), celle sur les \u00e9quipements et machines agricoles et les infrastructures de soutien \u00e0 la production. Pour rentrer en possession de celle-ci, le producteur d\u00e9clenche le processus d\u2019acquisition en mobilisant une quote-part de 60 \u00e0 70%, par la suite Fodecc d\u00e9bloque un montant de subvention \u00e0 hauteur de 20 \u00e0 30%. Notons n\u00e9anmoins que des pr\u00e9alables sont \u00e0 remplir dans ce cadre, notamment l\u2019auto-identification, la g\u00e9olocalisation de la parcelle et d\u00e9tenir 2 hectares de plantation de cacao\/caf\u00e9.<\/p>\n<p>Si le guichet producteur vient r\u00e9soudre une des graines du chapelet de difficult\u00e9s auxquelles font face la fili\u00e8re cacao, caf\u00e9, il n\u2019en demeure pas moins que d\u2019autres aspects tels que la vente, le processus d\u2019\u00e9coulement des produits figurent toujours.<\/p>\n<p><strong>Organe de gestion<\/strong><\/p>\n<p>Le Fonds de d\u00e9veloppement du cacao et du caf\u00e9 (Fodecc), sur qui l\u2019initiative du guichet producteur est adoss\u00e9e voit le jour par la loi 2004\/025 du 30 d\u00e9cembre 2004 sur le commerce du cacao et du caf\u00e9. Il a pour missions\u00a0: d\u2019appuyer la relance des fili\u00e8res cacao et caf\u00e9\u00a0; soutenir la recherche appliqu\u00e9e sur ces produits et l\u2019am\u00e9lioration de leur qualit\u00e9 appuyer les programmes de formation et d\u2019information des op\u00e9rateurs des fili\u00e8res cacao et caf\u00e9 et la promotion et la conservation locales du cacao et du caf\u00e9.<\/p>\n<p><strong>Lire aussi<\/strong> : <strong><a href=\"https:\/\/ecomatin.net\/le-prix-du-kilogramme-de-cafes-se-vend-a-55f-a-yokadouma-region-de-lest-cameroun\/\">Le prix du kilogramme de caf\u00e9 se vend \u00e0 55F \u00e0 Yokadouma r\u00e9gion de l\u2019Est Cameroun<\/a><\/strong><\/p>\n<p>L\u2019article <a rel=\"nofollow\" href=\"https:\/\/ecomatin.net\/cacao-cafe-un-guichet-producteur-de-62-milliards-pour-booster-la-filiere\/\">Cacao-caf\u00e9 : un guichet producteur de 6,2 milliards pour booster la fili\u00e8re<\/a> est apparu en premier sur <a rel=\"nofollow\" href=\"https:\/\/ecomatin.net\/\">EcoMatin<\/a>.<\/p>\n<\/div>\n<p>Auteur: Cindy MBALA<br \/>\n<a href=\"https:\/\/ecomatin.net\/cacao-cafe-un-guichet-producteur-de-62-milliards-pour-booster-la-filiere\/\">Cliquez ici pour lire l&rsquo;article depuis sa source.<\/a><\/p>\n","protected":false},"excerpt":{"rendered":"<p>L\u2019on peut dire qu\u2019il s\u2019annonce des jours meilleurs pour la fili\u00e8re cacao-caf\u00e9 au Cameroun. Et pour cause, celle-ci vient de b\u00e9n\u00e9ficier de la cr\u00e9ation d\u2019un second guichet de financement des producteurs de cacao et de caf\u00e9 d\u00e9nomm\u00e9 \u2018\u2018guichet producteurs\u2019\u2019, lanc\u00e9 officiellement le jeudi\u00a0\u00a0juillet 2021, par les ministres de l\u2019Agriculture et du d\u00e9veloppement rural (Minader), Gabriel [&hellip;]<\/p>\n","protected":false},"author":1969,"featured_media":0,"comment_status":"closed","ping_status":"closed","sticky":false,"template":"","format":"standard","meta":{"fifu_image_url":"","fifu_image_alt":"","footnotes":""},"categories":[82,78],"tags":[],"class_list":["post-120973","post","type-post","status-publish","format-standard","hentry","category-cameroun","category-economie"],"_links":{"self":[{"href":"https:\/\/linitiative.ca\/International\/wp-json\/wp\/v2\/posts\/120973","targetHints":{"allow":["GET"]}}],"collection":[{"href":"https:\/\/linitiative.ca\/International\/wp-json\/wp\/v2\/posts"}],"about":[{"href":"https:\/\/linitiative.ca\/International\/wp-json\/wp\/v2\/types\/post"}],"author":[{"embeddable":true,"href":"https:\/\/linitiative.ca\/International\/wp-json\/wp\/v2\/users\/1969"}],"replies":[{"embeddable":true,"href":"https:\/\/linitiative.ca\/International\/wp-json\/wp\/v2\/comments?post=120973"}],"version-history":[{"count":0,"href":"https:\/\/linitiative.ca\/International\/wp-json\/wp\/v2\/posts\/120973\/revisions"}],"wp:attachment":[{"href":"https:\/\/linitiative.ca\/International\/wp-json\/wp\/v2\/media?parent=120973"}],"wp:term":[{"taxonomy":"category","embeddable":true,"href":"https:\/\/linitiative.ca\/International\/wp-json\/wp\/v2\/categories?post=120973"},{"taxonomy":"post_tag","embeddable":true,"href":"https:\/\/linitiative.ca\/International\/wp-json\/wp\/v2\/tags?post=120973"}],"curies":[{"name":"wp","href":"https:\/\/api.w.org\/{rel}","templated":true}]}}