{"id":120975,"date":"2021-07-09T12:26:28","date_gmt":"2021-07-09T16:26:28","guid":{"rendered":"https:\/\/linitiative.ca\/International\/cooperation-laccord-de-samoa-liera-bientot-les-pays-membres-de-loeacp-et-lue\/"},"modified":"2021-07-09T12:26:28","modified_gmt":"2021-07-09T16:26:28","slug":"cooperation-laccord-de-samoa-liera-bientot-les-pays-membres-de-loeacp-et-lue","status":"publish","type":"post","link":"https:\/\/linitiative.ca\/International\/cooperation-laccord-de-samoa-liera-bientot-les-pays-membres-de-loeacp-et-lue\/","title":{"rendered":"Coop\u00e9ration : l\u2019accord de Samoa liera bient\u00f4t les pays membres de l\u2019Oeacp et l\u2019UE"},"content":{"rendered":"<div>\n<p>Du 7 au 8 juillet s\u2019est tenu par visioconf\u00e9rence la 112<sup>e<\/sup>\u00a0session du conseil des ministres de l\u2019Organisation des Etats d\u2019Afrique des Cara\u00efbes et du Pacifique (Oeacp), sous la pr\u00e9sidence de l\u2019honorable Jeremiah Manele, ministre des Affaires \u00e9trang\u00e8res et du Commerce ext\u00e9rieur des Iles Salomon, par ailleurs pr\u00e9sident du conseil des ministres de l\u2019Oeacp. C\u00f4t\u00e9 camerounais ces travaux \u00e9taient suivis par le ministre de l\u2019Economie Alamine Ousmane Mey.\u00a0\u00a0Plusieurs r\u00e9solutions ont alors \u00e9t\u00e9 adopt\u00e9es au cours de cette rencontre de travail, dont la d\u00e9nomination du nouvel accord qui va lier les pays de l\u2019Oeacp \u00e0 l\u2019Union europ\u00e9enne (UE). \u00ab\u00a0Le Conseil des ministres de l\u2019Oeacp (\u2026) marque son accord \u00e0 ce que le nouvel accord de partenariat Oeacp-UE soit d\u00e9nomm\u00e9 \u00ab\u00a0Accord de Samoa\u00a0\u00bb et charge le secr\u00e9taire g\u00e9n\u00e9ral de transmettre la pr\u00e9sente d\u00e9cision au Pr\u00e9sident de l\u2019Union europ\u00e9enne, au Pr\u00e9sident de la commission europ\u00e9enne, au Pr\u00e9sident du parlement europ\u00e9en et aux chefs des organisations r\u00e9gionales de l\u2019Oeacp\u00a0\u00bb, peut-on lire sur le communiqu\u00e9 rendu public \u00e0 l\u2019issue des travaux.\u00a0<\/p>\n<p><strong>Lire aussi<\/strong> : <strong><a href=\"https:\/\/ecomatin.net\/lue-et-les-pays-de-loeacp-signent-un-nouvel-accord-de-partenariat\/\">L\u2019UE et les pays de l\u2019Oeacp signent un nouvel accord de partenariat<\/a><\/strong><\/p>\n<p>L\u2019accord de Samoa, dont il est question, entrera en vigueur lorsque les deux parties auront achev\u00e9 leurs proc\u00e9dures internes relatives \u00e0 la signature et \u00e0 la conclusion. Celui-ci vient remplacer l\u2019accord de Cotonou, sign\u00e9 en l\u2019an 2000, qui avait une dur\u00e9e de 20 ans et s\u2019achever d\u2019ici le 30 novembre 2021. C\u2019est pour se faire que le 15 avril dernier, la commissaire aux partenariats internationaux, Jutta Urpilainen, et le ministre togolais des affaires \u00e9trang\u00e8res, Robert Dussey, les n\u00e9gociateurs en chef avaient paraph\u00e9 l\u2019accord Post-Cotonou fixant le cadre de coop\u00e9ration politique, \u00e9conomique et sectorielle pour les 20 prochaines ann\u00e9es. Le nouvel accord devra alors s\u2019articuler sur 6 domaines que sont\u00a0: les droits de l\u2019homme, la d\u00e9mocratie et la gouvernance au sein de soci\u00e9t\u00e9s ax\u00e9es sur les personnes et fond\u00e9es sur les droits, la paix et la s\u00e9curit\u00e9, le d\u00e9veloppement humain et social, la viabilit\u00e9 environnementale et le changement climatique, la croissance et le d\u00e9veloppement \u00e9conomiques durables et inclusifs, et la migration et la mobilit\u00e9.<\/p>\n<p><strong>Lire aussi<\/strong> : <strong><a href=\"https:\/\/ecomatin.net\/cameroun-union-europeenne-les-nouveaux-axess-de-la-cooperation\/\">Cameroun-Union europ\u00e9enne : les nouveaux axes de la coop\u00e9ration<\/a><\/strong><\/p>\n<p>Autre d\u00e9cision c\u2019est la prolongation du d\u00e9lai de signature et de ratification de l\u2019accord de Georgetown. \u00ab\u00a0Le conseil des ministres de l\u2019Oeacp (\u2026) prolonge de deux ans le d\u00e9lai de signature de l\u2019accord de Georgetown r\u00e9vis\u00e9, afin de permettre \u00e0 tous les Etats membres de l\u2019Oeacp de finaliser leurs proc\u00e9dures de signature respectives ou de d\u00e9poser leurs instruments d\u2019accession respectifs\u00a0\u00bb, renseigne le communiqu\u00e9. Rappelons ici que l\u2019accord de Georgetown dont il est question\u00a0\u00a0est l\u2019acte constitutif du Groupe des Etats d\u2019Afrique, des Cara\u00efbes et du Pacifique, r\u00e9vis\u00e9 en d\u00e9cembre 2019. Cette r\u00e9vision apportait plusieurs changements au sein de l\u2019institution notamment le changement de d\u00e9nomination, en Organisation des Etats d\u2019Afrique des Cara\u00efbes et du Pacifique (Oeacp).<\/p>\n<p><strong>Lire aussi<\/strong> : <strong><a href=\"https:\/\/ecomatin.net\/ape-le-cameroun-et-lue-affichent-des-divergencess-sur-la-mise-en-oeuvre-des-regles-dorigines\/\">APE : le Cameroun et l\u2019UE affichent des divergences sur la mise en \u0153uvre des r\u00e8gles d\u2019origines<\/a><\/strong><\/p>\n<p>Autre d\u00e9cisions importantes de cette rencontre est l\u2019adoption du budget de l\u2019exercice 2021. Celui-ci se chiffre \u00e0 8,685 millions d\u2019euros soit 5,696 milliards de Fcfa, dont une contribution de 4,036 millions d\u2019euros attendue des \u00e9tats membres soit une 46,47% du budget total et 4,648 millions d\u2019euros attendu du Fonds europ\u00e9en de d\u00e9veloppement, organe de financement dans le cadre de cette coop\u00e9ration, soit 53,53%. A ce sujet, lors des travaux r\u00e9cents le Secr\u00e9taire de l\u2019Oeacp son Excellence Georges Robelo Pinto Chikoti, faisait savoir que les pays membres devraient trouver d\u2019autres sources de financement autres que l\u2019Union europ\u00e9enne \u00e0 travers le FED.<\/p>\n<p>L\u2019article <a rel=\"nofollow\" href=\"https:\/\/ecomatin.net\/cooperation-laccord-de-samoa-liera-bientot-les-pays-membres-de-loeacp-et-lue\/\">Coop\u00e9ration : l\u2019accord de Samoa liera bient\u00f4t les pays membres de l\u2019Oeacp et l\u2019UE<\/a> est apparu en premier sur <a rel=\"nofollow\" href=\"https:\/\/ecomatin.net\/\">EcoMatin<\/a>.<\/p>\n<\/div>\n<p>Auteur: Cindy MBALA<br \/>\n<a href=\"https:\/\/ecomatin.net\/cooperation-laccord-de-samoa-liera-bientot-les-pays-membres-de-loeacp-et-lue\/\">Cliquez ici pour lire l&rsquo;article depuis sa source.<\/a><\/p>\n","protected":false},"excerpt":{"rendered":"<p>Du 7 au 8 juillet s\u2019est tenu par visioconf\u00e9rence la 112e\u00a0session du conseil des ministres de l\u2019Organisation des Etats d\u2019Afrique des Cara\u00efbes et du Pacifique (Oeacp), sous la pr\u00e9sidence de l\u2019honorable Jeremiah Manele, ministre des Affaires \u00e9trang\u00e8res et du Commerce ext\u00e9rieur des Iles Salomon, par ailleurs pr\u00e9sident du conseil des ministres de l\u2019Oeacp. C\u00f4t\u00e9 camerounais [&hellip;]<\/p>\n","protected":false},"author":1969,"featured_media":0,"comment_status":"closed","ping_status":"closed","sticky":false,"template":"","format":"standard","meta":{"fifu_image_url":"","fifu_image_alt":"","footnotes":""},"categories":[82,78],"tags":[],"class_list":["post-120975","post","type-post","status-publish","format-standard","hentry","category-cameroun","category-economie"],"_links":{"self":[{"href":"https:\/\/linitiative.ca\/International\/wp-json\/wp\/v2\/posts\/120975","targetHints":{"allow":["GET"]}}],"collection":[{"href":"https:\/\/linitiative.ca\/International\/wp-json\/wp\/v2\/posts"}],"about":[{"href":"https:\/\/linitiative.ca\/International\/wp-json\/wp\/v2\/types\/post"}],"author":[{"embeddable":true,"href":"https:\/\/linitiative.ca\/International\/wp-json\/wp\/v2\/users\/1969"}],"replies":[{"embeddable":true,"href":"https:\/\/linitiative.ca\/International\/wp-json\/wp\/v2\/comments?post=120975"}],"version-history":[{"count":0,"href":"https:\/\/linitiative.ca\/International\/wp-json\/wp\/v2\/posts\/120975\/revisions"}],"wp:attachment":[{"href":"https:\/\/linitiative.ca\/International\/wp-json\/wp\/v2\/media?parent=120975"}],"wp:term":[{"taxonomy":"category","embeddable":true,"href":"https:\/\/linitiative.ca\/International\/wp-json\/wp\/v2\/categories?post=120975"},{"taxonomy":"post_tag","embeddable":true,"href":"https:\/\/linitiative.ca\/International\/wp-json\/wp\/v2\/tags?post=120975"}],"curies":[{"name":"wp","href":"https:\/\/api.w.org\/{rel}","templated":true}]}}