{"id":120976,"date":"2021-07-09T15:38:09","date_gmt":"2021-07-09T19:38:09","guid":{"rendered":"https:\/\/linitiative.ca\/International\/du-22-au-24-juillet-cinema-des-toits-nouveaute-de-levenement-couleurs-de-beni-ammar\/"},"modified":"2021-07-09T15:38:09","modified_gmt":"2021-07-09T19:38:09","slug":"du-22-au-24-juillet-cinema-des-toits-nouveaute-de-levenement-couleurs-de-beni-ammar","status":"publish","type":"post","link":"https:\/\/linitiative.ca\/International\/du-22-au-24-juillet-cinema-des-toits-nouveaute-de-levenement-couleurs-de-beni-ammar\/","title":{"rendered":"Du 22 au 24 juillet : \u00abCin\u00e9ma des toits \u00bb, nouveaut\u00e9 de l\u2019\u00e9v\u00e9nement Couleurs de Beni Ammar"},"content":{"rendered":"<div>\n<p><img decoding=\"async\" width=\"300\" height=\"153\" src=\"https:\/\/linitiative.ca\/International\/wp-content\/uploads\/sites\/23\/2021\/07\/Cinema-des-toits-300x153-1.jpg\" class=\"attachment-medium size-medium wp-post-image\" alt=\"\" loading=\"lazy\" srcset=\"\/\/aujourdhui.ma\/wp-content\/uploads\/2021\/07\/Cinema-des-toits-300x153.jpg 300w, \/\/aujourdhui.ma\/wp-content\/uploads\/2021\/07\/Cinema-des-toits-274x140.jpg 274w, \/\/aujourdhui.ma\/wp-content\/uploads\/2021\/07\/Cinema-des-toits.jpg 746w, \/\/aujourdhui.ma\/wp-content\/uploads\/2021\/07\/Cinema-des-toits-165x84.jpg 165w, \/\/aujourdhui.ma\/wp-content\/uploads\/2021\/07\/Cinema-des-toits-702x358.jpg 702w\" sizes=\"auto, (max-width: 300px) 100vw, 300px\"><\/p>\n<p><span style=\"color: #800000;\"><strong>Pour la 2\u00e8me ann\u00e9e cons\u00e9cutive, la manifestation \u00abCouleurs de Beni Ammar\u00bb se substituera au festival des \u00e2nes, alias Festibaz, pour des raisons li\u00e9es \u00e0 la crise sanitaire.<\/strong><\/span><span id=\"more-381290\"><\/span><\/p>\n<p>\u00abLes pr\u00e9paratifs pour le 13\u00e8me Festibaz vont, quand m\u00eame, bon train. Cette \u00e9dition de 2022 sera ind\u00e9niablement un saut primordial vers une nouvelle \u00e9tape prometteuse\u00bb, pr\u00e9cise Mohamed Belmou, pr\u00e9sident de l\u2019association \u00abIklaa\u00bb pour le d\u00e9veloppement int\u00e9gr\u00e9, initiatrice des deux \u00e9v\u00e9nements avec le soutien du minist\u00e8re de la culture, de la jeunesse et des sports ainsi que sa direction r\u00e9gionale \u00e0 F\u00e8s-Mekn\u00e8s.<br \/>\nA lui seul, l\u2019\u00e9v\u00e9nement \u00abCouleurs de Beni Ammar\u00bb, pr\u00e9vu du 22 au 24 juillet, sera, comme l\u2019annonce M. Belmou, marqu\u00e9 cette ann\u00e9e par \u00abl\u2019organisation du \u00abcin\u00e9ma des toits\u00bb \u00e0 travers la projection d\u2019\u0153uvres cin\u00e9matographiques dans un certain nombre de toits de la Kasbah Beni Ammar qui offre la possibilit\u00e9 de les suivre par des familles dans les toits avoisinants \u00bb. Ces projections, qui sont, selon le pr\u00e9sident, conformes au respect des gestes barri\u00e8res impos\u00e9s par la pand\u00e9mie du coronavirus, consisteront en \u00abdocumentaires sur l\u2019histoire de la Kasbah et du festival\u00bb. \u00abAu cas o\u00f9 cette premi\u00e8re exp\u00e9rience r\u00e9ussit, elle s\u2019ouvrira sur le cin\u00e9ma national et international lors des prochaines \u00e9ditions du Festibaz\u00bb, avance-t-il.<br \/>\nEn outre, des fresques murales seront con\u00e7ues dans diff\u00e9rents espaces de quartiers de la Kasbah. Des artistes-peintres marocains y participeront aux c\u00f4t\u00e9s des jeunes talents au niveau local. En outre, des ateliers artistiques seront consacr\u00e9s aux enfants lors de cet \u00e9v\u00e9nement qui sera jalonn\u00e9 par le chantier de pavement de l\u2019\u00e9cole \u00e0 l\u2019entr\u00e9e de la Kasbah. \u00abAussi, le chantier de mise \u00e0 niveau du site patrimonial Lahsen qui remonte \u00e0 l\u2019\u00e9poque m\u00e9rinide se poursuivra\u00bb, ajoute le responsable qui rappelle qu\u2019une op\u00e9ration de nettoyage et garniture des ruelles de la Kasbah aura \u00e9galement lieu. Comme il l\u2019annonce aussi, l\u2019association qu\u2019il chapeaute organisera aussi une exposition pour son projet de d\u00e9veloppement int\u00e9gr\u00e9 qui fait l\u2019objet d\u2019un plaidoyer depuis trois ans.<\/p>\n<p>Cela \u00e9tant, cette structure fait de l\u2019acte culturel une locomotive pour ce projet con\u00e7u par l\u2019association. L\u2019objectif \u00e9tant de valoriser les produits du terroir et d\u2019artisanat, le patrimoine culturel mat\u00e9riel et immat\u00e9riel de la Kasbah et environs, ainsi que les comp\u00e9tences cr\u00e9atives locales en diff\u00e9rents domaines. Des initiatives qui visent \u00e0 cr\u00e9er plus d\u2019opportunit\u00e9s d\u2019emploi, augmenter le revenu des producteurs, r\u00e9duire le taux de la migration rurale. Le tout dans le cadre d\u2019un complexe bio-culturel sous forme de parc touristique offrant un produit unique et attractif pour consolider l\u2019offre touristique r\u00e9gionale et nationale apr\u00e8s un cumul de renomm\u00e9e d\u2019un grand nombre d\u2019ann\u00e9es pour le festival de par le monde.<\/p>\n<\/div>\n<p>Auteur: Salima Guisser<br \/>\n<a href=\"https:\/\/aujourdhui.ma\/culture\/du-22-au-24-juillet-cinema-des-toits-nouveaute-de-levenement-couleurs-de-beni-ammar\">Cliquez ici pour lire l&rsquo;article depuis sa source.<\/a><\/p>\n","protected":false},"excerpt":{"rendered":"<p>Pour la 2\u00e8me ann\u00e9e cons\u00e9cutive, la manifestation \u00abCouleurs de Beni Ammar\u00bb se substituera au festival des \u00e2nes, alias Festibaz, pour des raisons li\u00e9es \u00e0 la crise sanitaire. \u00abLes pr\u00e9paratifs pour le 13\u00e8me Festibaz vont, quand m\u00eame, bon train. Cette \u00e9dition de 2022 sera ind\u00e9niablement un saut primordial vers une nouvelle \u00e9tape prometteuse\u00bb, pr\u00e9cise Mohamed Belmou, [&hellip;]<\/p>\n","protected":false},"author":1759,"featured_media":0,"comment_status":"closed","ping_status":"closed","sticky":false,"template":"","format":"standard","meta":{"fifu_image_url":"https:\/\/aujourdhui.ma\/wp-content\/uploads\/2021\/07\/Cinema-des-toits-300x153.jpg","fifu_image_alt":"Du 22 au 24 juillet : \u00abCin\u00e9ma des toits \u00bb, nouveaut\u00e9 de l\u2019\u00e9v\u00e9nement Couleurs de Beni Ammar","footnotes":""},"categories":[73,54],"tags":[],"class_list":["post-120976","post","type-post","status-publish","format-standard","hentry","category-actualite","category-maroc"],"_links":{"self":[{"href":"https:\/\/linitiative.ca\/International\/wp-json\/wp\/v2\/posts\/120976","targetHints":{"allow":["GET"]}}],"collection":[{"href":"https:\/\/linitiative.ca\/International\/wp-json\/wp\/v2\/posts"}],"about":[{"href":"https:\/\/linitiative.ca\/International\/wp-json\/wp\/v2\/types\/post"}],"author":[{"embeddable":true,"href":"https:\/\/linitiative.ca\/International\/wp-json\/wp\/v2\/users\/1759"}],"replies":[{"embeddable":true,"href":"https:\/\/linitiative.ca\/International\/wp-json\/wp\/v2\/comments?post=120976"}],"version-history":[{"count":0,"href":"https:\/\/linitiative.ca\/International\/wp-json\/wp\/v2\/posts\/120976\/revisions"}],"wp:attachment":[{"href":"https:\/\/linitiative.ca\/International\/wp-json\/wp\/v2\/media?parent=120976"}],"wp:term":[{"taxonomy":"category","embeddable":true,"href":"https:\/\/linitiative.ca\/International\/wp-json\/wp\/v2\/categories?post=120976"},{"taxonomy":"post_tag","embeddable":true,"href":"https:\/\/linitiative.ca\/International\/wp-json\/wp\/v2\/tags?post=120976"}],"curies":[{"name":"wp","href":"https:\/\/api.w.org\/{rel}","templated":true}]}}