{"id":120981,"date":"2021-07-10T08:10:31","date_gmt":"2021-07-10T12:10:31","guid":{"rendered":"https:\/\/linitiative.ca\/International\/espagne-le-gouvernement-officiellement-remanie\/"},"modified":"2021-07-10T08:10:31","modified_gmt":"2021-07-10T12:10:31","slug":"espagne-le-gouvernement-officiellement-remanie","status":"publish","type":"post","link":"https:\/\/linitiative.ca\/International\/espagne-le-gouvernement-officiellement-remanie\/","title":{"rendered":"Espagne: le gouvernement officiellement remani\u00e9"},"content":{"rendered":"<div>\n<p><img decoding=\"async\" width=\"300\" height=\"153\" src=\"https:\/\/linitiative.ca\/International\/wp-content\/uploads\/sites\/23\/2021\/07\/arancha-gonzalez-300x153-1.jpg\" class=\"attachment-medium size-medium wp-post-image\" alt=\"\" loading=\"lazy\" srcset=\"\/\/aujourdhui.ma\/wp-content\/uploads\/2021\/07\/arancha-gonzalez-300x153.jpg 300w, \/\/aujourdhui.ma\/wp-content\/uploads\/2021\/07\/arancha-gonzalez-274x140.jpg 274w, \/\/aujourdhui.ma\/wp-content\/uploads\/2021\/07\/arancha-gonzalez.jpg 746w, \/\/aujourdhui.ma\/wp-content\/uploads\/2021\/07\/arancha-gonzalez-165x84.jpg 165w, \/\/aujourdhui.ma\/wp-content\/uploads\/2021\/07\/arancha-gonzalez-702x358.jpg 702w\" sizes=\"auto, (max-width: 300px) 100vw, 300px\"><\/p>\n<p><span style=\"color: #800000;\"><strong>Le monde politique en Espagne retient son souffle.<\/strong> <\/span><span id=\"more-381336\"><\/span><\/p>\n<p>En effet, le Premier ministre espagnol Pedro S\u00e1nchez annoncera vers 14H00 (12H00 GMT) un remaniement de son gouvernement de coalition qui regroupe les socialistes et la gauche radicale de Podemos, a annonc\u00e9 samedi la pr\u00e9sidence du gouvernement.<\/p>\n<p>M. S\u00e1nchez \u00ab\u00a0se trouve actuellement au Palais de la Zarzuela afin d\u2019informer Sa Majest\u00e9 le roi de la composition de son nouveau gouvernement\u00a0\u00bb, dont \u00ab\u00a0l\u2019objectif principal sera la reprise \u00e9conomique et sociale du pays\u00a0\u00bb, a affirm\u00e9 le gouvernement dans un message adress\u00e9 aux m\u00e9dias.<\/p>\n<\/div>\n<p>Auteur: ALM<br \/>\n<a href=\"https:\/\/aujourdhui.ma\/monde\/espagne-le-gouvernement-officiellement-remanie\">Cliquez ici pour lire l&rsquo;article depuis sa source.<\/a><\/p>\n","protected":false},"excerpt":{"rendered":"<p>Le monde politique en Espagne retient son souffle. En effet, le Premier ministre espagnol Pedro S\u00e1nchez annoncera vers 14H00 (12H00 GMT) un remaniement de son gouvernement de coalition qui regroupe les socialistes et la gauche radicale de Podemos, a annonc\u00e9 samedi la pr\u00e9sidence du gouvernement. M. S\u00e1nchez \u00ab\u00a0se trouve actuellement au Palais de la Zarzuela [&hellip;]<\/p>\n","protected":false},"author":1759,"featured_media":0,"comment_status":"closed","ping_status":"closed","sticky":false,"template":"","format":"standard","meta":{"fifu_image_url":"https:\/\/aujourdhui.ma\/wp-content\/uploads\/2021\/07\/arancha-gonzalez-300x153.jpg","fifu_image_alt":"Espagne: le gouvernement officiellement remani\u00e9","footnotes":""},"categories":[73,54],"tags":[],"class_list":["post-120981","post","type-post","status-publish","format-standard","hentry","category-actualite","category-maroc"],"_links":{"self":[{"href":"https:\/\/linitiative.ca\/International\/wp-json\/wp\/v2\/posts\/120981","targetHints":{"allow":["GET"]}}],"collection":[{"href":"https:\/\/linitiative.ca\/International\/wp-json\/wp\/v2\/posts"}],"about":[{"href":"https:\/\/linitiative.ca\/International\/wp-json\/wp\/v2\/types\/post"}],"author":[{"embeddable":true,"href":"https:\/\/linitiative.ca\/International\/wp-json\/wp\/v2\/users\/1759"}],"replies":[{"embeddable":true,"href":"https:\/\/linitiative.ca\/International\/wp-json\/wp\/v2\/comments?post=120981"}],"version-history":[{"count":0,"href":"https:\/\/linitiative.ca\/International\/wp-json\/wp\/v2\/posts\/120981\/revisions"}],"wp:attachment":[{"href":"https:\/\/linitiative.ca\/International\/wp-json\/wp\/v2\/media?parent=120981"}],"wp:term":[{"taxonomy":"category","embeddable":true,"href":"https:\/\/linitiative.ca\/International\/wp-json\/wp\/v2\/categories?post=120981"},{"taxonomy":"post_tag","embeddable":true,"href":"https:\/\/linitiative.ca\/International\/wp-json\/wp\/v2\/tags?post=120981"}],"curies":[{"name":"wp","href":"https:\/\/api.w.org\/{rel}","templated":true}]}}