{"id":120983,"date":"2021-07-10T11:16:50","date_gmt":"2021-07-10T15:16:50","guid":{"rendered":"https:\/\/linitiative.ca\/International\/aid-al-adha-reglement-anticipe-des-salaires-des-fonctionnaires-le-16-juillet\/"},"modified":"2021-07-10T11:16:50","modified_gmt":"2021-07-10T15:16:50","slug":"aid-al-adha-reglement-anticipe-des-salaires-des-fonctionnaires-le-16-juillet","status":"publish","type":"post","link":"https:\/\/linitiative.ca\/International\/aid-al-adha-reglement-anticipe-des-salaires-des-fonctionnaires-le-16-juillet\/","title":{"rendered":"A\u00efd Al-Adha: R\u00e8glement anticip\u00e9 des salaires des fonctionnaires le 16 juillet"},"content":{"rendered":"<div>\n<p><img decoding=\"async\" width=\"300\" height=\"153\" src=\"https:\/\/linitiative.ca\/International\/wp-content\/uploads\/sites\/23\/2021\/07\/TreCC81sorerie-geCC81neCC81rale-du-Royaume-TGR-Taxe-locale-sur-le-permis-de-conduire-300x153-1.jpg\" class=\"attachment-medium size-medium wp-post-image\" alt=\"\" loading=\"lazy\" srcset=\"\/\/aujourdhui.ma\/wp-content\/uploads\/2017\/01\/Tre\u0301sorerie-ge\u0301ne\u0301rale-du-Royaume-TGR-Taxe-locale-sur-le-permis-de-conduire-300x153.jpg 300w, \/\/aujourdhui.ma\/wp-content\/uploads\/2017\/01\/Tre\u0301sorerie-ge\u0301ne\u0301rale-du-Royaume-TGR-Taxe-locale-sur-le-permis-de-conduire.jpg 746w\" sizes=\"auto, (max-width: 300px) 100vw, 300px\"><\/p>\n<p>La Tr\u00e9sorerie G\u00e9n\u00e9rale du Royaume (TGR) proc\u00e8dera, vendredi prochain, au r\u00e8glement des traitements et salaires des fonctionnaires et agents de l\u2019Etat et des collectivit\u00e9s territoriales au titre du mois de juillet 2021 et ce, \u00e0 l\u2019occasion de l\u2019av\u00e8nement de l\u2019A\u00efd Al-Adha.<span id=\"more-381340\"><\/span><\/p>\n<p>\u00ab\u00a0\u00c0 l\u2019occasion de l\u2019av\u00e8nement de l\u2019A\u00efd-Al-Adha, le minist\u00e8re de l\u2019Economie, des finances et de la r\u00e9forme de l\u2019administration annonce que la Tr\u00e9sorerie G\u00e9n\u00e9rale du Royaume proc\u00e8dera, \u00e0 titre exceptionnel, au r\u00e8glement des traitements et salaires des fonctionnaires et agents de l\u2019Etat et des collectivit\u00e9s territoriales au titre du mois de juillet 2021, le vendredi 16 juillet 2021\u00a0\u00bb, indique un communiqu\u00e9 de la TGR.<\/p>\n<\/div>\n<p>Auteur: ALM<br \/>\n<a href=\"https:\/\/aujourdhui.ma\/actualite\/aid-al-adha-reglement-anticipe-des-salaires-des-fonctionnaires-le-16-juillet\">Cliquez ici pour lire l&rsquo;article depuis sa source.<\/a><\/p>\n","protected":false},"excerpt":{"rendered":"<p>La Tr\u00e9sorerie G\u00e9n\u00e9rale du Royaume (TGR) proc\u00e8dera, vendredi prochain, au r\u00e8glement des traitements et salaires des fonctionnaires et agents de l\u2019Etat et des collectivit\u00e9s territoriales au titre du mois de juillet 2021 et ce, \u00e0 l\u2019occasion de l\u2019av\u00e8nement de l\u2019A\u00efd Al-Adha. \u00ab\u00a0\u00c0 l\u2019occasion de l\u2019av\u00e8nement de l\u2019A\u00efd-Al-Adha, le minist\u00e8re de l\u2019Economie, des finances et de [&hellip;]<\/p>\n","protected":false},"author":1759,"featured_media":0,"comment_status":"closed","ping_status":"closed","sticky":false,"template":"","format":"standard","meta":{"fifu_image_url":"https:\/\/aujourdhui.ma\/wp-content\/uploads\/2017\/01\/Tre\u0301sorerie-ge\u0301ne\u0301rale-du-Royaume-TGR-Taxe-locale-sur-le-permis-de-conduire-300x153.jpg","fifu_image_alt":"A\u00efd Al-Adha: R\u00e8glement anticip\u00e9 des salaires des fonctionnaires le 16 juillet","footnotes":""},"categories":[73,54],"tags":[],"class_list":["post-120983","post","type-post","status-publish","format-standard","hentry","category-actualite","category-maroc"],"_links":{"self":[{"href":"https:\/\/linitiative.ca\/International\/wp-json\/wp\/v2\/posts\/120983","targetHints":{"allow":["GET"]}}],"collection":[{"href":"https:\/\/linitiative.ca\/International\/wp-json\/wp\/v2\/posts"}],"about":[{"href":"https:\/\/linitiative.ca\/International\/wp-json\/wp\/v2\/types\/post"}],"author":[{"embeddable":true,"href":"https:\/\/linitiative.ca\/International\/wp-json\/wp\/v2\/users\/1759"}],"replies":[{"embeddable":true,"href":"https:\/\/linitiative.ca\/International\/wp-json\/wp\/v2\/comments?post=120983"}],"version-history":[{"count":0,"href":"https:\/\/linitiative.ca\/International\/wp-json\/wp\/v2\/posts\/120983\/revisions"}],"wp:attachment":[{"href":"https:\/\/linitiative.ca\/International\/wp-json\/wp\/v2\/media?parent=120983"}],"wp:term":[{"taxonomy":"category","embeddable":true,"href":"https:\/\/linitiative.ca\/International\/wp-json\/wp\/v2\/categories?post=120983"},{"taxonomy":"post_tag","embeddable":true,"href":"https:\/\/linitiative.ca\/International\/wp-json\/wp\/v2\/tags?post=120983"}],"curies":[{"name":"wp","href":"https:\/\/api.w.org\/{rel}","templated":true}]}}