{"id":120985,"date":"2021-07-10T11:24:27","date_gmt":"2021-07-10T15:24:27","guid":{"rendered":"https:\/\/linitiative.ca\/International\/covid-19-maroc-la-situation-epidemiologique-au-10-juillet-2021-a-16h00\/"},"modified":"2021-07-10T11:24:27","modified_gmt":"2021-07-10T15:24:27","slug":"covid-19-maroc-la-situation-epidemiologique-au-10-juillet-2021-a-16h00","status":"publish","type":"post","link":"https:\/\/linitiative.ca\/International\/covid-19-maroc-la-situation-epidemiologique-au-10-juillet-2021-a-16h00\/","title":{"rendered":"Covid-19 \/ Maroc : La situation \u00e9pid\u00e9miologique au 10 juillet 2021 \u00e0 16H00"},"content":{"rendered":"<div>\n<p><img decoding=\"async\" width=\"300\" height=\"153\" src=\"https:\/\/linitiative.ca\/International\/wp-content\/uploads\/sites\/23\/2021\/07\/covid-19-maroc-300x153-3.jpg\" class=\"attachment-medium size-medium wp-post-image\" alt=\"\" loading=\"lazy\" srcset=\"\/\/aujourdhui.ma\/wp-content\/uploads\/2020\/07\/covid-19-maroc-300x153.jpg 300w, \/\/aujourdhui.ma\/wp-content\/uploads\/2020\/07\/covid-19-maroc-274x140.jpg 274w, \/\/aujourdhui.ma\/wp-content\/uploads\/2020\/07\/covid-19-maroc.jpg 746w, \/\/aujourdhui.ma\/wp-content\/uploads\/2020\/07\/covid-19-maroc-165x84.jpg 165w, \/\/aujourdhui.ma\/wp-content\/uploads\/2020\/07\/covid-19-maroc-702x358.jpg 702w\" sizes=\"auto, (max-width: 300px) 100vw, 300px\"><\/p>\n<p><strong>Entre hier \u00e0 16H00 et aujourd\u2019hui \u00e0 16H00<\/strong><\/p>\n<p>1566\u00a0 nouveaux cas soit un cumul de 541.405 cas \u00e0 ce jour.<br \/>\n870\u00a0 gu\u00e9risons soit un cumul de 523.998 \u00e0 ce jour.<br \/>\n9\u00a0 nouveaux d\u00e9c\u00e8s donc un cumul de 9.360\u00a0 \u00e0 ce jour.<span id=\"more-381339\"><\/span><\/p>\n<p><strong>Nombre de personnes vaccin\u00e9es au 10 Juillet 16H00<\/strong><\/p>\n<p>1\u00e8re dose<\/p>\n<p><strong>10 356 845<\/strong><\/p>\n<p>2\u00e8me dose<\/p>\n<p><strong>9 221 525<\/strong><\/p>\n<p><a href=\"https:\/\/linitiative.ca\/International\/wp-content\/uploads\/sites\/23\/2021\/07\/10.7.21.COVID-19_Page_1.jpg\"><img decoding=\"async\" loading=\"lazy\" class=\"alignnone size-full wp-image-381342\" src=\"https:\/\/linitiative.ca\/International\/wp-content\/uploads\/sites\/23\/2021\/07\/10.7.21.COVID-19_Page_1.jpg\" alt=\"\" width=\"1654\" height=\"2339\" srcset=\"\/\/aujourdhui.ma\/wp-content\/uploads\/2021\/07\/10.7.21.COVID-19_Page_1.jpg 1654w, \/\/aujourdhui.ma\/wp-content\/uploads\/2021\/07\/10.7.21.COVID-19_Page_1-212x300.jpg 212w, \/\/aujourdhui.ma\/wp-content\/uploads\/2021\/07\/10.7.21.COVID-19_Page_1-724x1024.jpg 724w, \/\/aujourdhui.ma\/wp-content\/uploads\/2021\/07\/10.7.21.COVID-19_Page_1-768x1086.jpg 768w, \/\/aujourdhui.ma\/wp-content\/uploads\/2021\/07\/10.7.21.COVID-19_Page_1-1086x1536.jpg 1086w, \/\/aujourdhui.ma\/wp-content\/uploads\/2021\/07\/10.7.21.COVID-19_Page_1-1448x2048.jpg 1448w\" sizes=\"auto, (max-width: 1654px) 100vw, 1654px\"><\/a> <a href=\"https:\/\/linitiative.ca\/International\/wp-content\/uploads\/sites\/23\/2021\/07\/10.7.21.COVID-19_Page_2.jpg\"><img decoding=\"async\" loading=\"lazy\" class=\"alignnone size-full wp-image-381343\" src=\"https:\/\/linitiative.ca\/International\/wp-content\/uploads\/sites\/23\/2021\/07\/10.7.21.COVID-19_Page_2.jpg\" alt=\"\" width=\"1654\" height=\"2339\" srcset=\"\/\/aujourdhui.ma\/wp-content\/uploads\/2021\/07\/10.7.21.COVID-19_Page_2.jpg 1654w, \/\/aujourdhui.ma\/wp-content\/uploads\/2021\/07\/10.7.21.COVID-19_Page_2-212x300.jpg 212w, \/\/aujourdhui.ma\/wp-content\/uploads\/2021\/07\/10.7.21.COVID-19_Page_2-724x1024.jpg 724w, \/\/aujourdhui.ma\/wp-content\/uploads\/2021\/07\/10.7.21.COVID-19_Page_2-768x1086.jpg 768w, \/\/aujourdhui.ma\/wp-content\/uploads\/2021\/07\/10.7.21.COVID-19_Page_2-1086x1536.jpg 1086w, \/\/aujourdhui.ma\/wp-content\/uploads\/2021\/07\/10.7.21.COVID-19_Page_2-1448x2048.jpg 1448w\" sizes=\"auto, (max-width: 1654px) 100vw, 1654px\"><\/a> <a href=\"https:\/\/linitiative.ca\/International\/wp-content\/uploads\/sites\/23\/2021\/07\/10.7.21.COVID-19_Page_3.jpg\"><img decoding=\"async\" loading=\"lazy\" class=\"alignnone size-full wp-image-381344\" src=\"https:\/\/linitiative.ca\/International\/wp-content\/uploads\/sites\/23\/2021\/07\/10.7.21.COVID-19_Page_3.jpg\" alt=\"\" width=\"1654\" height=\"2339\" srcset=\"\/\/aujourdhui.ma\/wp-content\/uploads\/2021\/07\/10.7.21.COVID-19_Page_3.jpg 1654w, \/\/aujourdhui.ma\/wp-content\/uploads\/2021\/07\/10.7.21.COVID-19_Page_3-212x300.jpg 212w, \/\/aujourdhui.ma\/wp-content\/uploads\/2021\/07\/10.7.21.COVID-19_Page_3-724x1024.jpg 724w, \/\/aujourdhui.ma\/wp-content\/uploads\/2021\/07\/10.7.21.COVID-19_Page_3-768x1086.jpg 768w, \/\/aujourdhui.ma\/wp-content\/uploads\/2021\/07\/10.7.21.COVID-19_Page_3-1086x1536.jpg 1086w, \/\/aujourdhui.ma\/wp-content\/uploads\/2021\/07\/10.7.21.COVID-19_Page_3-1448x2048.jpg 1448w\" sizes=\"auto, (max-width: 1654px) 100vw, 1654px\"><\/a> <a href=\"https:\/\/linitiative.ca\/International\/wp-content\/uploads\/sites\/23\/2021\/07\/10.7.21.COVID-19_Page_4.jpg\"><img decoding=\"async\" loading=\"lazy\" class=\"alignnone size-full wp-image-381345\" src=\"https:\/\/linitiative.ca\/International\/wp-content\/uploads\/sites\/23\/2021\/07\/10.7.21.COVID-19_Page_4.jpg\" alt=\"\" width=\"1654\" height=\"2339\" srcset=\"\/\/aujourdhui.ma\/wp-content\/uploads\/2021\/07\/10.7.21.COVID-19_Page_4.jpg 1654w, \/\/aujourdhui.ma\/wp-content\/uploads\/2021\/07\/10.7.21.COVID-19_Page_4-212x300.jpg 212w, \/\/aujourdhui.ma\/wp-content\/uploads\/2021\/07\/10.7.21.COVID-19_Page_4-724x1024.jpg 724w, \/\/aujourdhui.ma\/wp-content\/uploads\/2021\/07\/10.7.21.COVID-19_Page_4-768x1086.jpg 768w, \/\/aujourdhui.ma\/wp-content\/uploads\/2021\/07\/10.7.21.COVID-19_Page_4-1086x1536.jpg 1086w, \/\/aujourdhui.ma\/wp-content\/uploads\/2021\/07\/10.7.21.COVID-19_Page_4-1448x2048.jpg 1448w\" sizes=\"auto, (max-width: 1654px) 100vw, 1654px\"><\/a> <a href=\"https:\/\/linitiative.ca\/International\/wp-content\/uploads\/sites\/23\/2021\/07\/10.7.21.COVID-19_Page_5.jpg\"><img decoding=\"async\" loading=\"lazy\" class=\"alignnone size-full wp-image-381346\" src=\"https:\/\/linitiative.ca\/International\/wp-content\/uploads\/sites\/23\/2021\/07\/10.7.21.COVID-19_Page_5.jpg\" alt=\"\" width=\"2339\" height=\"1654\" srcset=\"\/\/aujourdhui.ma\/wp-content\/uploads\/2021\/07\/10.7.21.COVID-19_Page_5.jpg 2339w, \/\/aujourdhui.ma\/wp-content\/uploads\/2021\/07\/10.7.21.COVID-19_Page_5-300x212.jpg 300w, \/\/aujourdhui.ma\/wp-content\/uploads\/2021\/07\/10.7.21.COVID-19_Page_5-1024x724.jpg 1024w, \/\/aujourdhui.ma\/wp-content\/uploads\/2021\/07\/10.7.21.COVID-19_Page_5-768x543.jpg 768w, \/\/aujourdhui.ma\/wp-content\/uploads\/2021\/07\/10.7.21.COVID-19_Page_5-1536x1086.jpg 1536w, \/\/aujourdhui.ma\/wp-content\/uploads\/2021\/07\/10.7.21.COVID-19_Page_5-2048x1448.jpg 2048w\" sizes=\"auto, (max-width: 2339px) 100vw, 2339px\"><\/a><\/p>\n<p>\u00a0<\/p>\n<\/div>\n<p>Auteur: ALM<br \/>\n<a href=\"https:\/\/aujourdhui.ma\/societe\/covid-19-maroc-la-situation-epidemiologique-au-10-juillet-2021-a-16h00\">Cliquez ici pour lire l&rsquo;article depuis sa source.<\/a><\/p>\n","protected":false},"excerpt":{"rendered":"<p>Entre hier \u00e0 16H00 et aujourd\u2019hui \u00e0 16H00 1566\u00a0 nouveaux cas soit un cumul de 541.405 cas \u00e0 ce jour. 870\u00a0 gu\u00e9risons soit un cumul de 523.998 \u00e0 ce jour. 9\u00a0 nouveaux d\u00e9c\u00e8s donc un cumul de 9.360\u00a0 \u00e0 ce jour. Nombre de personnes vaccin\u00e9es au 10 Juillet 16H00 1\u00e8re dose 10 356 845 2\u00e8me [&hellip;]<\/p>\n","protected":false},"author":1759,"featured_media":0,"comment_status":"closed","ping_status":"closed","sticky":false,"template":"","format":"standard","meta":{"fifu_image_url":"https:\/\/aujourdhui.ma\/wp-content\/uploads\/2020\/07\/covid-19-maroc-300x153.jpg","fifu_image_alt":"Covid-19 \/ Maroc : La situation \u00e9pid\u00e9miologique au 10 juillet 2021 \u00e0 16H00","footnotes":""},"categories":[73,54],"tags":[],"class_list":["post-120985","post","type-post","status-publish","format-standard","hentry","category-actualite","category-maroc"],"_links":{"self":[{"href":"https:\/\/linitiative.ca\/International\/wp-json\/wp\/v2\/posts\/120985","targetHints":{"allow":["GET"]}}],"collection":[{"href":"https:\/\/linitiative.ca\/International\/wp-json\/wp\/v2\/posts"}],"about":[{"href":"https:\/\/linitiative.ca\/International\/wp-json\/wp\/v2\/types\/post"}],"author":[{"embeddable":true,"href":"https:\/\/linitiative.ca\/International\/wp-json\/wp\/v2\/users\/1759"}],"replies":[{"embeddable":true,"href":"https:\/\/linitiative.ca\/International\/wp-json\/wp\/v2\/comments?post=120985"}],"version-history":[{"count":0,"href":"https:\/\/linitiative.ca\/International\/wp-json\/wp\/v2\/posts\/120985\/revisions"}],"wp:attachment":[{"href":"https:\/\/linitiative.ca\/International\/wp-json\/wp\/v2\/media?parent=120985"}],"wp:term":[{"taxonomy":"category","embeddable":true,"href":"https:\/\/linitiative.ca\/International\/wp-json\/wp\/v2\/categories?post=120985"},{"taxonomy":"post_tag","embeddable":true,"href":"https:\/\/linitiative.ca\/International\/wp-json\/wp\/v2\/tags?post=120985"}],"curies":[{"name":"wp","href":"https:\/\/api.w.org\/{rel}","templated":true}]}}