{"id":120993,"date":"2021-07-10T10:00:00","date_gmt":"2021-07-10T14:00:00","guid":{"rendered":"https:\/\/linitiative.ca\/International\/pres-de-100-personnes-intoxiquees-apres-leur-consommation-du-petit-lait\/"},"modified":"2021-07-10T10:00:00","modified_gmt":"2021-07-10T14:00:00","slug":"pres-de-100-personnes-intoxiquees-apres-leur-consommation-du-petit-lait","status":"publish","type":"post","link":"https:\/\/linitiative.ca\/International\/pres-de-100-personnes-intoxiquees-apres-leur-consommation-du-petit-lait\/","title":{"rendered":"Pr\u00e8s de 100 personnes intoxiqu\u00e9es apr\u00e8s leur consommation du petit-lait"},"content":{"rendered":"<div>Pr\u00e8s de 100 personnes, pour la plupart des enfants, ont \u00e9t\u00e9 intoxiqu\u00e9es vendredi , \u00e0 Blida, apr\u00e8s leur consommation du petit lait, selon les premiers \u00e9l\u00e9ments de l\u2019enqu\u00eate pr\u00e9liminaire rendus publics par le directeur de la sant\u00e9 Ahmed El Djema\u00ef&#8230;<\/div>\n<p>Auteur:<br \/>\n<a href=\"https:\/\/www.liberte-algerie.com\/actualite\/pres-de-100-personnes-intoxiquees-apres-leur-consommation-du-petit-lait-361700\">Cliquez ici pour lire l&rsquo;article depuis sa source.<\/a><\/p>\n","protected":false},"excerpt":{"rendered":"<p>Pr\u00e8s de 100 personnes, pour la plupart des enfants, ont \u00e9t\u00e9 intoxiqu\u00e9es vendredi , \u00e0 Blida, apr\u00e8s leur consommation du petit lait, selon les premiers \u00e9l\u00e9ments de l\u2019enqu\u00eate pr\u00e9liminaire rendus publics par le directeur de la sant\u00e9 Ahmed El Djema\u00ef&#8230; Auteur: Cliquez ici pour lire l&rsquo;article depuis sa source.<\/p>\n","protected":false},"author":1742,"featured_media":0,"comment_status":"closed","ping_status":"closed","sticky":false,"template":"","format":"standard","meta":{"fifu_image_url":"","fifu_image_alt":"","footnotes":""},"categories":[73,53],"tags":[],"class_list":["post-120993","post","type-post","status-publish","format-standard","hentry","category-actualite","category-algerie"],"_links":{"self":[{"href":"https:\/\/linitiative.ca\/International\/wp-json\/wp\/v2\/posts\/120993","targetHints":{"allow":["GET"]}}],"collection":[{"href":"https:\/\/linitiative.ca\/International\/wp-json\/wp\/v2\/posts"}],"about":[{"href":"https:\/\/linitiative.ca\/International\/wp-json\/wp\/v2\/types\/post"}],"author":[{"embeddable":true,"href":"https:\/\/linitiative.ca\/International\/wp-json\/wp\/v2\/users\/1742"}],"replies":[{"embeddable":true,"href":"https:\/\/linitiative.ca\/International\/wp-json\/wp\/v2\/comments?post=120993"}],"version-history":[{"count":0,"href":"https:\/\/linitiative.ca\/International\/wp-json\/wp\/v2\/posts\/120993\/revisions"}],"wp:attachment":[{"href":"https:\/\/linitiative.ca\/International\/wp-json\/wp\/v2\/media?parent=120993"}],"wp:term":[{"taxonomy":"category","embeddable":true,"href":"https:\/\/linitiative.ca\/International\/wp-json\/wp\/v2\/categories?post=120993"},{"taxonomy":"post_tag","embeddable":true,"href":"https:\/\/linitiative.ca\/International\/wp-json\/wp\/v2\/tags?post=120993"}],"curies":[{"name":"wp","href":"https:\/\/api.w.org\/{rel}","templated":true}]}}