{"id":120996,"date":"2021-07-10T11:40:32","date_gmt":"2021-07-10T15:40:32","guid":{"rendered":"https:\/\/linitiative.ca\/International\/reglement-anticipe-des-salaires-des-fonctionnaires-le-16-juillet\/"},"modified":"2021-07-10T11:40:32","modified_gmt":"2021-07-10T15:40:32","slug":"reglement-anticipe-des-salaires-des-fonctionnaires-le-16-juillet","status":"publish","type":"post","link":"https:\/\/linitiative.ca\/International\/reglement-anticipe-des-salaires-des-fonctionnaires-le-16-juillet\/","title":{"rendered":"R\u00e8glement anticip\u00e9 des salaires des fonctionnaires le 16 juillet"},"content":{"rendered":"<div>\n<div style=\"margin-bottom:20px;\"><img loading=\"lazy\" decoding=\"async\" width=\"750\" height=\"430\" src=\"https:\/\/linitiative.ca\/International\/wp-content\/uploads\/sites\/23\/2021\/07\/ministC3A8re-de-lC3A9conomie.jpg\" class=\"attachment-post-thumbnail size-post-thumbnail wp-post-image\" alt=\"\" srcset=\"https:\/\/linitiative.ca\/International\/wp-content\/uploads\/sites\/23\/2021\/07\/ministC3A8re-de-lC3A9conomie.jpg 750w, http:\/\/www.mapmarrakech.ma\/map\/uploads\/2021\/07\/minist\u00e8re-de-l\u00e9conomie-300x172.jpg 300w\" sizes=\"auto, (max-width: 750px) 100vw, 750px\"><\/div>\n<p>\u00ab\u00a0\u00c0 l\u2019occasion de l\u2019av\u00e8nement de l\u2019A\u00efd-Al-Adha, le minist\u00e8re de l\u2019Economie, des finances et de la r\u00e9forme de l\u2019administration annonce que la Tr\u00e9sorerie G\u00e9n\u00e9rale du Royaume proc\u00e8dera, \u00e0 titre exceptionnel, au r\u00e8glement des traitements et salaires des fonctionnaires et agents de l\u2019Etat et des collectivit\u00e9s territoriales au titre du mois de juillet 2021, le vendredi 16 juillet 2021\u00a0\u00bb, indique un communiqu\u00e9 de la TGR.<\/p>\n<p>The post <a rel=\"nofollow\" href=\"http:\/\/www.mapmarrakech.ma\/fr\/reglement-anticipe-des-salaires-des-fonctionnaires-le-16-juillet\/\">R\u00e8glement anticip\u00e9 des salaires des fonctionnaires le 16 juillet<\/a> appeared first on <a rel=\"nofollow\" href=\"http:\/\/www.mapmarrakech.ma\/fr\">MapMarrakech<\/a>.<\/p>\n<\/div>\n<p>Auteur: Meriem IGASS<br \/>\n<a href=\"http:\/\/www.mapmarrakech.ma\/fr\/reglement-anticipe-des-salaires-des-fonctionnaires-le-16-juillet\/\">Cliquez ici pour lire l&rsquo;article depuis sa source.<\/a><\/p>\n","protected":false},"excerpt":{"rendered":"<p>\u00ab\u00a0\u00c0 l\u2019occasion de l\u2019av\u00e8nement de l\u2019A\u00efd-Al-Adha, le minist\u00e8re de l\u2019Economie, des finances et de la r\u00e9forme de l\u2019administration annonce que la Tr\u00e9sorerie G\u00e9n\u00e9rale du Royaume proc\u00e8dera, \u00e0 titre exceptionnel, au r\u00e8glement des traitements et salaires des fonctionnaires et agents de l\u2019Etat et des collectivit\u00e9s territoriales au titre du mois de juillet 2021, le vendredi 16 [&hellip;]<\/p>\n","protected":false},"author":1788,"featured_media":0,"comment_status":"closed","ping_status":"closed","sticky":false,"template":"","format":"standard","meta":{"fifu_image_url":"http:\/\/www.mapmarrakech.ma\/map\/uploads\/2021\/07\/minist\u00e8re-de-l\u00e9conomie.jpg","fifu_image_alt":"R\u00e8glement anticip\u00e9 des salaires des fonctionnaires le 16 juillet","footnotes":""},"categories":[54,76],"tags":[],"class_list":["post-120996","post","type-post","status-publish","format-standard","hentry","category-maroc","category-regions"],"_links":{"self":[{"href":"https:\/\/linitiative.ca\/International\/wp-json\/wp\/v2\/posts\/120996","targetHints":{"allow":["GET"]}}],"collection":[{"href":"https:\/\/linitiative.ca\/International\/wp-json\/wp\/v2\/posts"}],"about":[{"href":"https:\/\/linitiative.ca\/International\/wp-json\/wp\/v2\/types\/post"}],"author":[{"embeddable":true,"href":"https:\/\/linitiative.ca\/International\/wp-json\/wp\/v2\/users\/1788"}],"replies":[{"embeddable":true,"href":"https:\/\/linitiative.ca\/International\/wp-json\/wp\/v2\/comments?post=120996"}],"version-history":[{"count":0,"href":"https:\/\/linitiative.ca\/International\/wp-json\/wp\/v2\/posts\/120996\/revisions"}],"wp:attachment":[{"href":"https:\/\/linitiative.ca\/International\/wp-json\/wp\/v2\/media?parent=120996"}],"wp:term":[{"taxonomy":"category","embeddable":true,"href":"https:\/\/linitiative.ca\/International\/wp-json\/wp\/v2\/categories?post=120996"},{"taxonomy":"post_tag","embeddable":true,"href":"https:\/\/linitiative.ca\/International\/wp-json\/wp\/v2\/tags?post=120996"}],"curies":[{"name":"wp","href":"https:\/\/api.w.org\/{rel}","templated":true}]}}