{"id":120998,"date":"2021-07-10T12:24:11","date_gmt":"2021-07-10T16:24:11","guid":{"rendered":"https:\/\/linitiative.ca\/International\/formation-sur-les-systemes-normatifs-et-juridiques-du-processus-electoral\/"},"modified":"2021-07-10T12:24:11","modified_gmt":"2021-07-10T16:24:11","slug":"formation-sur-les-systemes-normatifs-et-juridiques-du-processus-electoral","status":"publish","type":"post","link":"https:\/\/linitiative.ca\/International\/formation-sur-les-systemes-normatifs-et-juridiques-du-processus-electoral\/","title":{"rendered":"Formation sur les syst\u00e8mes normatifs et juridiques du processus \u00e9lectoral"},"content":{"rendered":"<div>\n<div style=\"margin-bottom:20px;\"><img loading=\"lazy\" decoding=\"async\" width=\"750\" height=\"430\" src=\"https:\/\/linitiative.ca\/International\/wp-content\/uploads\/sites\/23\/2021\/07\/essaouira-copier.jpg\" class=\"attachment-post-thumbnail size-post-thumbnail wp-post-image\" alt=\"\" srcset=\"https:\/\/linitiative.ca\/International\/wp-content\/uploads\/sites\/23\/2021\/07\/essaouira-copier.jpg 750w, http:\/\/www.mapmarrakech.ma\/map\/uploads\/2021\/07\/essaouira-copier-300x172.jpg 300w\" sizes=\"auto, (max-width: 750px) 100vw, 750px\"><\/div>\n<p>Organis\u00e9e par l\u2019Association \u00ab\u00a0Aspirations f\u00e9minines\u00a0\u00bb, en collaboration avec l\u2019Association \u00ab\u00a0La Vall\u00e9e verte pour le D\u00e9veloppement\u00a0\u00bb et en partenariat avec le Forum des F\u00e9d\u00e9rations, cette formation de trois jours intervient dans le cadre du projet d&rsquo;\u00a0\u00bbautonomisation des femmes pour des r\u00f4les de leadership dans la R\u00e9gion MENA : Maroc, Tunisie, Jordanie\u00a0\u00bb, initi\u00e9 par ledit Forum et financ\u00e9 par le gouvernement canadien.<\/p>\n<p>Cette session, qui conna\u00eet la participation de 35 femmes repr\u00e9sentant cinq partis politiques et d\u2019autres sans appartenance politique, issues des provinces d\u2019Essaouira et de Ouarzazate, vise le renforcement des capacit\u00e9s des b\u00e9n\u00e9ficiaires en mati\u00e8re de connaissance du cadre juridique des \u00e9lections conform\u00e9ment aux derniers amendements et aux mesures positives prises en faveur des femmes dans les syst\u00e8mes \u00e9lectoraux.<\/p>\n<p>Pour M. Khalid Sirhane, expert en genre et syst\u00e8mes \u00e9lectoraux, cette rencontre se veut une occasion idoine pour les femmes b\u00e9n\u00e9ficiaires de partager et d\u2019\u00e9changer les exp\u00e9riences et les bonnes pratiques en la mati\u00e8re.<\/p>\n<p>Dans une d\u00e9claration \u00e0 la MAP, M. Sirhane, qui anime cette formation, a expliqu\u00e9 qu\u2019un int\u00e9r\u00eat particulier est accord\u00e9 \u00e0 la diversification des m\u00e9thodes d\u2019animation (brainstorming, \u00e9tude des cas, jeux de r\u00f4les), avec un focus sur les dispositions en faveur de la participation politique des femmes.<\/p>\n<p>Il a \u00e9galement fait savoir qu\u2019une deuxi\u00e8me session ax\u00e9e sur \u00ab\u00a0la communication politique et les campagnes \u00e9lectorales\u00a0\u00bb, se tiendra \u00e9galement \u00e0 Marrakech dans le cadre de ce projet d&rsquo;\u00a0\u00bbautonomisation des femmes pour des r\u00f4les de leadership\u00a0\u00bb.<\/p>\n<p>Ce projet, qui s\u2019\u00e9tale sur la p\u00e9riode 2016-2023, vise \u00e0 accro\u00eetre les comp\u00e9tences des femmes afin de leur permettre d\u2019assumer des r\u00f4les de leadership dans les centres de prise de d\u00e9cision, et \u00e0 renforcer les capacit\u00e9s des femmes et des hommes pour influencer les politiques en mati\u00e8re d\u2019\u00e9galit\u00e9 des sexes et, partant, promouvoir la gouvernance inclusive.<\/p>\n<p>A noter que le Forum des F\u00e9d\u00e9rations est une organisation internationale de gouvernance, fond\u00e9e en 1999 au Canada et soutenue par neuf autres gouvernements partenaires (Australie, Br\u00e9sil, Ethiopie, Allemagne, Mexique, Nig\u00e9ria, Pakistan et Suisse).<\/p>\n<p>Ce Forum, qui s\u2019int\u00e9resse aux questions de d\u00e9concentration, de d\u00e9centralisation et de transition d\u00e9mocratique, a pour mission principale de promouvoir une gouvernance inclusive et attentive, y compris sur les plans du pluralisme et de l\u2019\u00e9galit\u00e9 des genres.<\/p>\n<p>The post <a rel=\"nofollow\" href=\"http:\/\/www.mapmarrakech.ma\/fr\/formation-sur-les-systemes-normatifs-et-juridiques-du-processus-electoral\/\">Formation sur les syst\u00e8mes normatifs et juridiques du processus \u00e9lectoral<\/a> appeared first on <a rel=\"nofollow\" href=\"http:\/\/www.mapmarrakech.ma\/fr\">MapMarrakech<\/a>.<\/p>\n<\/div>\n<p>Auteur: Meriem IGASS<br \/>\n<a href=\"http:\/\/www.mapmarrakech.ma\/fr\/formation-sur-les-systemes-normatifs-et-juridiques-du-processus-electoral\/\">Cliquez ici pour lire l&rsquo;article depuis sa source.<\/a><\/p>\n","protected":false},"excerpt":{"rendered":"<p>Organis\u00e9e par l\u2019Association \u00ab\u00a0Aspirations f\u00e9minines\u00a0\u00bb, en collaboration avec l\u2019Association \u00ab\u00a0La Vall\u00e9e verte pour le D\u00e9veloppement\u00a0\u00bb et en partenariat avec le Forum des F\u00e9d\u00e9rations, cette formation de trois jours intervient dans le cadre du projet d&rsquo;\u00a0\u00bbautonomisation des femmes pour des r\u00f4les de leadership dans la R\u00e9gion MENA : Maroc, Tunisie, Jordanie\u00a0\u00bb, initi\u00e9 par ledit Forum et [&hellip;]<\/p>\n","protected":false},"author":1788,"featured_media":0,"comment_status":"closed","ping_status":"closed","sticky":false,"template":"","format":"standard","meta":{"fifu_image_url":"http:\/\/www.mapmarrakech.ma\/map\/uploads\/2021\/07\/essaouira-copier.jpg","fifu_image_alt":"Formation sur les syst\u00e8mes normatifs et juridiques du processus \u00e9lectoral","footnotes":""},"categories":[54,76],"tags":[],"class_list":["post-120998","post","type-post","status-publish","format-standard","hentry","category-maroc","category-regions"],"_links":{"self":[{"href":"https:\/\/linitiative.ca\/International\/wp-json\/wp\/v2\/posts\/120998","targetHints":{"allow":["GET"]}}],"collection":[{"href":"https:\/\/linitiative.ca\/International\/wp-json\/wp\/v2\/posts"}],"about":[{"href":"https:\/\/linitiative.ca\/International\/wp-json\/wp\/v2\/types\/post"}],"author":[{"embeddable":true,"href":"https:\/\/linitiative.ca\/International\/wp-json\/wp\/v2\/users\/1788"}],"replies":[{"embeddable":true,"href":"https:\/\/linitiative.ca\/International\/wp-json\/wp\/v2\/comments?post=120998"}],"version-history":[{"count":0,"href":"https:\/\/linitiative.ca\/International\/wp-json\/wp\/v2\/posts\/120998\/revisions"}],"wp:attachment":[{"href":"https:\/\/linitiative.ca\/International\/wp-json\/wp\/v2\/media?parent=120998"}],"wp:term":[{"taxonomy":"category","embeddable":true,"href":"https:\/\/linitiative.ca\/International\/wp-json\/wp\/v2\/categories?post=120998"},{"taxonomy":"post_tag","embeddable":true,"href":"https:\/\/linitiative.ca\/International\/wp-json\/wp\/v2\/tags?post=120998"}],"curies":[{"name":"wp","href":"https:\/\/api.w.org\/{rel}","templated":true}]}}