{"id":121006,"date":"2021-07-10T08:24:00","date_gmt":"2021-07-10T12:24:00","guid":{"rendered":"https:\/\/linitiative.ca\/International\/real-asensio-a-discute-avec-ancelotti\/"},"modified":"2021-07-10T08:24:00","modified_gmt":"2021-07-10T12:24:00","slug":"real-asensio-a-discute-avec-ancelotti","status":"publish","type":"post","link":"https:\/\/linitiative.ca\/International\/real-asensio-a-discute-avec-ancelotti\/","title":{"rendered":"Real : Asensio a discut\u00e9 avec Ancelotti"},"content":{"rendered":"<div>Auteur d&rsquo;une saison 2020-2021 en demi-teinte avec le Real Madrid, Marco Asensio (25 ans) tarde \u00e0 confirmer ses excellentes performances r\u00e9alis\u00e9es lors de ses d\u00e9buts avec les Merengues<img loading=\"lazy\" decoding=\"async\" src=\"http:\/\/feeds.feedburner.com\/~r\/GalerieFArtciles\/~4\/Yg3l1uds5u0\" height=\"1\" width=\"1\" alt=\"\"><\/div>\n<p>Auteur:<br \/>\n<a href=\"http:\/\/www.lebuteur.com\/article\/detail?titre=real-asensio-a-discute-avec-ancelotti&#038;id=100591&#038;utm_source=feedburner&#038;utm_medium=feed&#038;utm_campaign=Feed%3A+GalerieFArtciles+%28Les+derniers+articles++-+lebuteur.com%29\">Cliquez ici pour lire l&rsquo;article depuis sa source.<\/a><\/p>\n","protected":false},"excerpt":{"rendered":"<p>Auteur d&rsquo;une saison 2020-2021 en demi-teinte avec le Real Madrid, Marco Asensio (25 ans) tarde \u00e0 confirmer ses excellentes performances r\u00e9alis\u00e9es lors de ses d\u00e9buts avec les Merengues Auteur: Cliquez ici pour lire l&rsquo;article depuis sa source.<\/p>\n","protected":false},"author":1738,"featured_media":0,"comment_status":"closed","ping_status":"closed","sticky":false,"template":"","format":"standard","meta":{"fifu_image_url":"http:\/\/feeds.feedburner.com\/~r\/GalerieFArtciles\/~4\/Yg3l1uds5u0","fifu_image_alt":"Real : Asensio a discut\u00e9 avec Ancelotti","footnotes":""},"categories":[53,75],"tags":[],"class_list":["post-121006","post","type-post","status-publish","format-standard","hentry","category-algerie","category-sport"],"_links":{"self":[{"href":"https:\/\/linitiative.ca\/International\/wp-json\/wp\/v2\/posts\/121006","targetHints":{"allow":["GET"]}}],"collection":[{"href":"https:\/\/linitiative.ca\/International\/wp-json\/wp\/v2\/posts"}],"about":[{"href":"https:\/\/linitiative.ca\/International\/wp-json\/wp\/v2\/types\/post"}],"author":[{"embeddable":true,"href":"https:\/\/linitiative.ca\/International\/wp-json\/wp\/v2\/users\/1738"}],"replies":[{"embeddable":true,"href":"https:\/\/linitiative.ca\/International\/wp-json\/wp\/v2\/comments?post=121006"}],"version-history":[{"count":0,"href":"https:\/\/linitiative.ca\/International\/wp-json\/wp\/v2\/posts\/121006\/revisions"}],"wp:attachment":[{"href":"https:\/\/linitiative.ca\/International\/wp-json\/wp\/v2\/media?parent=121006"}],"wp:term":[{"taxonomy":"category","embeddable":true,"href":"https:\/\/linitiative.ca\/International\/wp-json\/wp\/v2\/categories?post=121006"},{"taxonomy":"post_tag","embeddable":true,"href":"https:\/\/linitiative.ca\/International\/wp-json\/wp\/v2\/tags?post=121006"}],"curies":[{"name":"wp","href":"https:\/\/api.w.org\/{rel}","templated":true}]}}