{"id":121016,"date":"2021-07-10T13:26:20","date_gmt":"2021-07-10T17:26:20","guid":{"rendered":"https:\/\/linitiative.ca\/International\/covid-19-reactivation-ferme-des-mesures-preventives-et-acceleration-de-la-cadence-de-vaccination\/"},"modified":"2021-07-10T13:26:20","modified_gmt":"2021-07-10T17:26:20","slug":"covid-19-reactivation-ferme-des-mesures-preventives-et-acceleration-de-la-cadence-de-vaccination","status":"publish","type":"post","link":"https:\/\/linitiative.ca\/International\/covid-19-reactivation-ferme-des-mesures-preventives-et-acceleration-de-la-cadence-de-vaccination\/","title":{"rendered":"Covid-19 : r\u00e9activation ferme des mesures pr\u00e9ventives et acc\u00e9l\u00e9ration de la cadence de vaccination"},"content":{"rendered":"<div>\n<div class=\"sriret\"><img decoding=\"async\" src=\"https:\/\/linitiative.ca\/International\/wp-content\/uploads\/sites\/23\/2021\/07\/default-picture-709x366_c-6.jpg\"><\/div>\n<p>Le pr\u00e9sident de la R\u00e9publique, M. Abdelmadjid Tebboune a pr\u00e9sid\u00e9, samedi 10 juillet, une r\u00e9union des membres du Comit\u00e9 scientifique de suivi de l\u2019\u00e9volution de la pand\u00e9mie du Coronavirus consacr\u00e9e \u00e0 l\u2019\u00e9valuation et \u00e0 l\u2019examen de la situation \u00e9pid\u00e9miologique au cours de laquelle il a \u00e9t\u00e9 d\u00e9cid\u00e9 d\u2019une r\u00e9activation \u00ab\u00a0ferme\u00a0\u00bb des mesures pr\u00e9ventives et l\u2019acc\u00e9l\u00e9ration de la cadence de vaccination, selon un communiqu\u00e9 de la pr\u00e9sidence de la R\u00e9publique.<\/p>\n<p><em>\u00ab\u00a0Le pr\u00e9sident de la R\u00e9publique, M. Abdelmadjid Tebboune a pr\u00e9sid\u00e9, ce jour, une r\u00e9union des membres du Comit\u00e9 scientifique de suivi de l\u2019\u00e9volution de la pand\u00e9mie du Coronavirus consacr\u00e9e \u00e0 l\u2019\u00e9valuation et \u00e0 l\u2019examen de la situation \u00e9pid\u00e9miologique, en pr\u00e9sence des ministres de l\u2019Int\u00e9rieur, des Collectivit\u00e9s locales et de l\u2019Am\u00e9nagement du territoire, de la Sant\u00e9, de l\u2019Industrie Pharmaceutique, de la Communication, du Commandant de la Gendarmerie nationale, et du Directeur g\u00e9n\u00e9ral de la S\u00fbret\u00e9 nationale\u00a0\u00bb<\/em>, lit-on dans le communiqu\u00e9.<\/p>\n<p>\u00ab\u00a0Apr\u00e8s avoir \u00e9cout\u00e9 les expos\u00e9s de messieurs les ministres et des responsables, il a \u00e9t\u00e9 d\u00e9cid\u00e9 de la r\u00e9activation ferme des mesures de pr\u00e9vention prises depuis le d\u00e9but de la pand\u00e9mie, \u00e0 l\u2019image du port de masques, la distanciation physique, la g\u00e9n\u00e9ralisation de l\u2019usage des solutions hydroalcoolique\u00a0\u00bb, a ajout\u00e9 la m\u00eame source, pr\u00e9cisant qu\u2019il s\u2019agit aussi \u00ab\u00a0d\u2019acc\u00e9l\u00e9rer la cadence de vaccination, \u00e9tant le seul moyen pour venir \u00e0 bout de cette pand\u00e9mie, tout en veillant \u00e0 assurer une exploitation optimale du nombre de lits affect\u00e9s aux patients Covid-19, et \u00e0 augmenter leurs capacit\u00e9s d\u2019accueil de 7% \u00e0 15%, notamment dans les grandes villes \u00e0 l\u2019image d\u2019Alger, Oran et Constantine\u00a0\u00bb.<\/p>\n<p>\u00ab\u00a0Les ministres de l\u2019Int\u00e9rieur et des Collectivit\u00e9s locales, et des Transports ont \u00e9t\u00e9 \u00e9galement charg\u00e9s de prendre des mesures pr\u00e9ventives par le recours aux h\u00f4pitaux de proximit\u00e9, et l\u2019exploitation, en cas de n\u00e9cessit\u00e9, de l\u2019h\u00f4pital navire dans les villes c\u00f4ti\u00e8res\u00a0\u00bb, poursuit le communiqu\u00e9 de la Pr\u00e9sidence de la R\u00e9publique, soulignant que \u00ab\u00a0la situation \u00e9pid\u00e9miologique, sous contr\u00f4le actuellement, exige davantage de vigilance et de prudence\u00a0\u00bb.<\/p>\n<p style=\"text-align: right;\"><em><strong>APS<\/strong><\/em><\/p>\n<p>L\u2019article <a rel=\"nofollow\" href=\"https:\/\/www.elwatan.com\/edition\/actualite\/covid-19-reactivation-ferme-des-mesures-preventives-et-acceleration-de-la-cadence-de-vaccination-10-07-2021\">Covid-19 : r\u00e9activation ferme des mesures pr\u00e9ventives et acc\u00e9l\u00e9ration de la cadence de vaccination<\/a> est apparu en premier sur <a rel=\"nofollow\" href=\"https:\/\/www.elwatan.com\/\">El Watan<\/a>.<\/p>\n<\/div>\n<p>Auteur: Mohand Yahiaoui<br \/>\n<a href=\"https:\/\/www.elwatan.com\/edition\/actualite\/covid-19-reactivation-ferme-des-mesures-preventives-et-acceleration-de-la-cadence-de-vaccination-10-07-2021\">Cliquez ici pour lire l&rsquo;article depuis sa source.<\/a><\/p>\n","protected":false},"excerpt":{"rendered":"<p>Le pr\u00e9sident de la R\u00e9publique, M. Abdelmadjid Tebboune a pr\u00e9sid\u00e9, samedi 10 juillet, une r\u00e9union des membres du Comit\u00e9 scientifique de suivi de l\u2019\u00e9volution de la pand\u00e9mie du Coronavirus consacr\u00e9e \u00e0 l\u2019\u00e9valuation et \u00e0 l\u2019examen de la situation \u00e9pid\u00e9miologique au cours de laquelle il a \u00e9t\u00e9 d\u00e9cid\u00e9 d\u2019une r\u00e9activation \u00ab\u00a0ferme\u00a0\u00bb des mesures pr\u00e9ventives et l\u2019acc\u00e9l\u00e9ration [&hellip;]<\/p>\n","protected":false},"author":1743,"featured_media":0,"comment_status":"closed","ping_status":"closed","sticky":false,"template":"","format":"standard","meta":{"fifu_image_url":"https:\/\/www.elwatan.com\/wp-content\/themes\/spectr\/img\/default-picture-709x366_c.jpg","fifu_image_alt":"Covid-19 : r\u00e9activation ferme des mesures pr\u00e9ventives et acc\u00e9l\u00e9ration de la cadence de vaccination","footnotes":""},"categories":[73,53],"tags":[],"class_list":["post-121016","post","type-post","status-publish","format-standard","hentry","category-actualite","category-algerie"],"_links":{"self":[{"href":"https:\/\/linitiative.ca\/International\/wp-json\/wp\/v2\/posts\/121016","targetHints":{"allow":["GET"]}}],"collection":[{"href":"https:\/\/linitiative.ca\/International\/wp-json\/wp\/v2\/posts"}],"about":[{"href":"https:\/\/linitiative.ca\/International\/wp-json\/wp\/v2\/types\/post"}],"author":[{"embeddable":true,"href":"https:\/\/linitiative.ca\/International\/wp-json\/wp\/v2\/users\/1743"}],"replies":[{"embeddable":true,"href":"https:\/\/linitiative.ca\/International\/wp-json\/wp\/v2\/comments?post=121016"}],"version-history":[{"count":0,"href":"https:\/\/linitiative.ca\/International\/wp-json\/wp\/v2\/posts\/121016\/revisions"}],"wp:attachment":[{"href":"https:\/\/linitiative.ca\/International\/wp-json\/wp\/v2\/media?parent=121016"}],"wp:term":[{"taxonomy":"category","embeddable":true,"href":"https:\/\/linitiative.ca\/International\/wp-json\/wp\/v2\/categories?post=121016"},{"taxonomy":"post_tag","embeddable":true,"href":"https:\/\/linitiative.ca\/International\/wp-json\/wp\/v2\/tags?post=121016"}],"curies":[{"name":"wp","href":"https:\/\/api.w.org\/{rel}","templated":true}]}}