{"id":121018,"date":"2021-07-10T13:27:58","date_gmt":"2021-07-10T17:27:58","guid":{"rendered":"https:\/\/linitiative.ca\/International\/le-premier-ministre-aimene-benabderrahmane-teste-positif-a-la-covid-19\/"},"modified":"2021-07-10T13:27:58","modified_gmt":"2021-07-10T17:27:58","slug":"le-premier-ministre-aimene-benabderrahmane-teste-positif-a-la-covid-19","status":"publish","type":"post","link":"https:\/\/linitiative.ca\/International\/le-premier-ministre-aimene-benabderrahmane-teste-positif-a-la-covid-19\/","title":{"rendered":"Le Premier ministre A\u00efmene Benabderrahmane test\u00e9 positif \u00e0 la Covid-19"},"content":{"rendered":"<div>\n<div class=\"sriret\"><img loading=\"lazy\" decoding=\"async\" width=\"1000\" height=\"563\" src=\"https:\/\/linitiative.ca\/International\/wp-content\/uploads\/sites\/23\/2021\/07\/Aymen-Benabderrahmane_1.jpg\" class=\"attachment-featured_large size-featured_large wp-post-image\" alt=\"A\u00efmene Benabderrahmane\" style=\"margin-bottom: 15px;\" srcset=\"https:\/\/linitiative.ca\/International\/wp-content\/uploads\/sites\/23\/2021\/07\/Aymen-Benabderrahmane_1.jpg 1000w, https:\/\/www.elwatan.com\/wp-content\/uploads\/2020\/11\/Aymen-Benabderrahmane_1-300x169.jpg 300w, https:\/\/www.elwatan.com\/wp-content\/uploads\/2020\/11\/Aymen-Benabderrahmane_1-768x432.jpg 768w\" sizes=\"auto, (max-width: 1000px) 100vw, 1000px\"><\/div>\n<p>Le Premier ministre, M. A\u00efmene Benabderrahmane, a \u00e9t\u00e9 test\u00e9 positif \u00e0 la Covid-19, samedi 10 juillet, et s\u2019est mis en confinement pendant sept (7) jours, indique un communiqu\u00e9 des services du Premier ministre.<\/p>\n<p>\u00ab\u00a0Le Premier ministre, M. A\u00efmene Benabderrahmane, a \u00e9t\u00e9 test\u00e9 positif \u00e0 la Covid-19, ce jour, samedi 10 juillet 2021\u00a0\u00bb, a indiqu\u00e9 le communiqu\u00e9, ajoutant que \u00ab\u00a0conform\u00e9ment aux consignes m\u00e9dicales, M. le Premier ministre s\u2019est mis en confinement pendant sept (7) jours, \u00e0 compter d\u2019aujourd\u2019hui, en attendant de refaire un test de d\u00e9pistage \u00e0 l\u2019issue de cette p\u00e9riode\u00a0\u00bb.<\/p>\n<p>\u00ab\u00a0Durant cette p\u00e9riode, M. le Premier ministre continuera de travailler et de s\u2019acquitter de ses missions \u00e0 distance\u00a0\u00bb, ajoute la m\u00eame source.<\/p>\n<p style=\"text-align: right;\">APS<\/p>\n<p>L\u2019article <a rel=\"nofollow\" href=\"https:\/\/www.elwatan.com\/edition\/actualite\/le-premier-ministre-aimene-benabderrahmane-teste-positif-a-la-covid-19-10-07-2021\">Le Premier ministre A\u00efmene Benabderrahmane test\u00e9 positif \u00e0 la Covid-19<\/a> est apparu en premier sur <a rel=\"nofollow\" href=\"https:\/\/www.elwatan.com\/\">El Watan<\/a>.<\/p>\n<\/div>\n<p>Auteur: Mohand Yahiaoui<br \/>\n<a href=\"https:\/\/www.elwatan.com\/edition\/actualite\/le-premier-ministre-aimene-benabderrahmane-teste-positif-a-la-covid-19-10-07-2021\">Cliquez ici pour lire l&rsquo;article depuis sa source.<\/a><\/p>\n","protected":false},"excerpt":{"rendered":"<p>Le Premier ministre, M. A\u00efmene Benabderrahmane, a \u00e9t\u00e9 test\u00e9 positif \u00e0 la Covid-19, samedi 10 juillet, et s\u2019est mis en confinement pendant sept (7) jours, indique un communiqu\u00e9 des services du Premier ministre. \u00ab\u00a0Le Premier ministre, M. A\u00efmene Benabderrahmane, a \u00e9t\u00e9 test\u00e9 positif \u00e0 la Covid-19, ce jour, samedi 10 juillet 2021\u00a0\u00bb, a indiqu\u00e9 le [&hellip;]<\/p>\n","protected":false},"author":1743,"featured_media":0,"comment_status":"closed","ping_status":"closed","sticky":false,"template":"","format":"standard","meta":{"fifu_image_url":"https:\/\/www.elwatan.com\/wp-content\/uploads\/2020\/11\/Aymen-Benabderrahmane_1.jpg","fifu_image_alt":"Le Premier ministre A\u00efmene Benabderrahmane test\u00e9 positif \u00e0 la Covid-19","footnotes":""},"categories":[73,53],"tags":[],"class_list":["post-121018","post","type-post","status-publish","format-standard","hentry","category-actualite","category-algerie"],"_links":{"self":[{"href":"https:\/\/linitiative.ca\/International\/wp-json\/wp\/v2\/posts\/121018","targetHints":{"allow":["GET"]}}],"collection":[{"href":"https:\/\/linitiative.ca\/International\/wp-json\/wp\/v2\/posts"}],"about":[{"href":"https:\/\/linitiative.ca\/International\/wp-json\/wp\/v2\/types\/post"}],"author":[{"embeddable":true,"href":"https:\/\/linitiative.ca\/International\/wp-json\/wp\/v2\/users\/1743"}],"replies":[{"embeddable":true,"href":"https:\/\/linitiative.ca\/International\/wp-json\/wp\/v2\/comments?post=121018"}],"version-history":[{"count":0,"href":"https:\/\/linitiative.ca\/International\/wp-json\/wp\/v2\/posts\/121018\/revisions"}],"wp:attachment":[{"href":"https:\/\/linitiative.ca\/International\/wp-json\/wp\/v2\/media?parent=121018"}],"wp:term":[{"taxonomy":"category","embeddable":true,"href":"https:\/\/linitiative.ca\/International\/wp-json\/wp\/v2\/categories?post=121018"},{"taxonomy":"post_tag","embeddable":true,"href":"https:\/\/linitiative.ca\/International\/wp-json\/wp\/v2\/tags?post=121018"}],"curies":[{"name":"wp","href":"https:\/\/api.w.org\/{rel}","templated":true}]}}