{"id":121020,"date":"2021-07-10T04:56:00","date_gmt":"2021-07-10T08:56:00","guid":{"rendered":"https:\/\/linitiative.ca\/International\/mohamed-abbou-ce-qui-a-fait-tomber-le-gouvernement-fakhfakh\/"},"modified":"2021-07-10T04:56:00","modified_gmt":"2021-07-10T08:56:00","slug":"mohamed-abbou-ce-qui-a-fait-tomber-le-gouvernement-fakhfakh","status":"publish","type":"post","link":"https:\/\/linitiative.ca\/International\/mohamed-abbou-ce-qui-a-fait-tomber-le-gouvernement-fakhfakh\/","title":{"rendered":"Mohamed Abbou: Ce qui a fait tomber le gouvernement Fakhfakh"},"content":{"rendered":"<div><img decoding=\"async\" src=\"https:\/\/linitiative.ca\/International\/wp-content\/uploads\/sites\/23\/2021\/07\/1625905297_article.jpg\" alt=\"Mohamed Abbou: Ce qui a fait tomber le gouvernement Fakhfakh\" align=\"left\">Mohamed Abbou impute la chute du gouvernement \u00e0 \u00ab une s\u00e9rie d\u2019erreurs, de maladresses et de mauvaise communication. \u00bb Il mentionne le traitement du dossier de Marouane Mabrouk avec des jugements prononc\u00e9s en juillet 2018 et non communiqu\u00e9s ni au chef du Contentieux de l\u2019\u00c9tat, ni au minist\u00e8re des Finances. Il en avait re\u00e7u \u00abun dossier \u00e9pais\u00bb qu\u2019il avait transmis au Cgsp.<br \/>\nIl cite dans la foul\u00e9e le march\u00e9 des bavettes directement attribu\u00e9 par le ministre de l\u2019Industrie \u00e0 un d\u00e9put\u00e9 textilien, l\u2019affaire des sacs en plastique, celle des d\u00e9chets et, en ultime couperet, l\u2019affaire Fakhfakh. Mohamed Abbou revient dans le d\u00e9tail sur le d\u00e9clenchement du signalement de &#8230;<\/p>\n<\/div>\n<p>Auteur:<br \/>\n<a href=\"https:\/\/www.leaders.com.tn\/article\/32132-mohamed-abbou-ce-qui-a-fait-tomber-le-gouvernement-fakhfakh\">Cliquez ici pour lire l&rsquo;article depuis sa source.<\/a><\/p>\n","protected":false},"excerpt":{"rendered":"<p>Mohamed Abbou impute la chute du gouvernement \u00e0 \u00ab une s\u00e9rie d\u2019erreurs, de maladresses et de mauvaise communication. \u00bb Il mentionne le traitement du dossier de Marouane Mabrouk avec des jugements prononc\u00e9s en juillet 2018 et non communiqu\u00e9s ni au chef du Contentieux de l\u2019\u00c9tat, ni au minist\u00e8re des Finances. Il en avait re\u00e7u \u00abun [&hellip;]<\/p>\n","protected":false},"author":1772,"featured_media":0,"comment_status":"closed","ping_status":"closed","sticky":false,"template":"","format":"standard","meta":{"fifu_image_url":"http:\/\/www.leaders.com.tn\/uploads\/content\/thumbnails_small\/1625905297_article.jpg","fifu_image_alt":"Mohamed Abbou: Ce qui a fait tomber le gouvernement Fakhfakh","footnotes":""},"categories":[73,55],"tags":[],"class_list":["post-121020","post","type-post","status-publish","format-standard","hentry","category-actualite","category-tunisie"],"_links":{"self":[{"href":"https:\/\/linitiative.ca\/International\/wp-json\/wp\/v2\/posts\/121020","targetHints":{"allow":["GET"]}}],"collection":[{"href":"https:\/\/linitiative.ca\/International\/wp-json\/wp\/v2\/posts"}],"about":[{"href":"https:\/\/linitiative.ca\/International\/wp-json\/wp\/v2\/types\/post"}],"author":[{"embeddable":true,"href":"https:\/\/linitiative.ca\/International\/wp-json\/wp\/v2\/users\/1772"}],"replies":[{"embeddable":true,"href":"https:\/\/linitiative.ca\/International\/wp-json\/wp\/v2\/comments?post=121020"}],"version-history":[{"count":0,"href":"https:\/\/linitiative.ca\/International\/wp-json\/wp\/v2\/posts\/121020\/revisions"}],"wp:attachment":[{"href":"https:\/\/linitiative.ca\/International\/wp-json\/wp\/v2\/media?parent=121020"}],"wp:term":[{"taxonomy":"category","embeddable":true,"href":"https:\/\/linitiative.ca\/International\/wp-json\/wp\/v2\/categories?post=121020"},{"taxonomy":"post_tag","embeddable":true,"href":"https:\/\/linitiative.ca\/International\/wp-json\/wp\/v2\/tags?post=121020"}],"curies":[{"name":"wp","href":"https:\/\/api.w.org\/{rel}","templated":true}]}}