{"id":121022,"date":"2021-07-10T05:00:00","date_gmt":"2021-07-10T09:00:00","guid":{"rendered":"https:\/\/linitiative.ca\/International\/un-tunisien-dirige-une-equipe-internationale-de-recherche-pour-etudier-le-genome-des-personnes-atteintes-de-covid-19\/"},"modified":"2021-07-10T05:00:00","modified_gmt":"2021-07-10T09:00:00","slug":"un-tunisien-dirige-une-equipe-internationale-de-recherche-pour-etudier-le-genome-des-personnes-atteintes-de-covid-19","status":"publish","type":"post","link":"https:\/\/linitiative.ca\/International\/un-tunisien-dirige-une-equipe-internationale-de-recherche-pour-etudier-le-genome-des-personnes-atteintes-de-covid-19\/","title":{"rendered":"Un Tunisien dirige une \u00e9quipe internationale de recherche  pour \u00e9tudier le g\u00e9nome des personnes atteintes de Covid-19"},"content":{"rendered":"<div><img decoding=\"async\" src=\"https:\/\/linitiative.ca\/International\/wp-content\/uploads\/sites\/23\/2021\/07\/1625851893_article.jpg\" alt=\"Un Tunisien dirige une \u00e9quipe internationale de recherche  pour \u00e9tudier le g\u00e9nome des personnes atteintes de Covid-19 \" align=\"left\">Des milliers de scientifiques du monde entier ont uni leurs forces depuis mars 2020 pour r\u00e9pondre \u00e0 une question pressante et complexe : Quels facteurs g\u00e9n\u00e9tiques influencent et produisent des diff\u00e9rences significatives dans la gravit\u00e9 de l&rsquo;infection au Covid-19 ? Pourquoi certains patients sont-ils gravement touch\u00e9s alors que d&rsquo;autres pr\u00e9sentent des sympt\u00f4mes l\u00e9gers, voire aucun sympt\u00f4me ?<br \/>\nLe r\u00e9sum\u00e9 complet des r\u00e9sultats de cette \u00e9tude, publi\u00e9 dans la prestigieuse revue Nature a r\u00e9v\u00e9l\u00e9 13 emplacements dans le g\u00e9nome humain qui sont \u00e9troitement associ\u00e9s \u00e0 l&rsquo;infection ou \u00e0 la gravit\u00e9 de l&rsquo;infection par le virus Covid-19. Les chercheurs ont \u00e9galement identifi\u00e9 des &#8230;<\/p>\n<\/div>\n<p>Auteur:<br \/>\n<a href=\"https:\/\/www.leaders.com.tn\/article\/32131-un-tunisien-dirige-une-equipe-internationale-de-recherche-pour-etudier-le-genome-des-personnes-atteintes-de-covid-19\">Cliquez ici pour lire l&rsquo;article depuis sa source.<\/a><\/p>\n","protected":false},"excerpt":{"rendered":"<p>Des milliers de scientifiques du monde entier ont uni leurs forces depuis mars 2020 pour r\u00e9pondre \u00e0 une question pressante et complexe : Quels facteurs g\u00e9n\u00e9tiques influencent et produisent des diff\u00e9rences significatives dans la gravit\u00e9 de l&rsquo;infection au Covid-19 ? Pourquoi certains patients sont-ils gravement touch\u00e9s alors que d&rsquo;autres pr\u00e9sentent des sympt\u00f4mes l\u00e9gers, voire aucun [&hellip;]<\/p>\n","protected":false},"author":1772,"featured_media":0,"comment_status":"closed","ping_status":"closed","sticky":false,"template":"","format":"standard","meta":{"fifu_image_url":"http:\/\/www.leaders.com.tn\/uploads\/content\/thumbnails_small\/1625851893_article.jpg","fifu_image_alt":"Un Tunisien dirige une \u00e9quipe internationale de recherche  pour \u00e9tudier le g\u00e9nome des personnes atteintes de Covid-19","footnotes":""},"categories":[73,55],"tags":[],"class_list":["post-121022","post","type-post","status-publish","format-standard","hentry","category-actualite","category-tunisie"],"_links":{"self":[{"href":"https:\/\/linitiative.ca\/International\/wp-json\/wp\/v2\/posts\/121022","targetHints":{"allow":["GET"]}}],"collection":[{"href":"https:\/\/linitiative.ca\/International\/wp-json\/wp\/v2\/posts"}],"about":[{"href":"https:\/\/linitiative.ca\/International\/wp-json\/wp\/v2\/types\/post"}],"author":[{"embeddable":true,"href":"https:\/\/linitiative.ca\/International\/wp-json\/wp\/v2\/users\/1772"}],"replies":[{"embeddable":true,"href":"https:\/\/linitiative.ca\/International\/wp-json\/wp\/v2\/comments?post=121022"}],"version-history":[{"count":0,"href":"https:\/\/linitiative.ca\/International\/wp-json\/wp\/v2\/posts\/121022\/revisions"}],"wp:attachment":[{"href":"https:\/\/linitiative.ca\/International\/wp-json\/wp\/v2\/media?parent=121022"}],"wp:term":[{"taxonomy":"category","embeddable":true,"href":"https:\/\/linitiative.ca\/International\/wp-json\/wp\/v2\/categories?post=121022"},{"taxonomy":"post_tag","embeddable":true,"href":"https:\/\/linitiative.ca\/International\/wp-json\/wp\/v2\/tags?post=121022"}],"curies":[{"name":"wp","href":"https:\/\/api.w.org\/{rel}","templated":true}]}}