{"id":121024,"date":"2021-07-10T05:37:00","date_gmt":"2021-07-10T09:37:00","guid":{"rendered":"https:\/\/linitiative.ca\/International\/bas-les-masques-ce-corona-aura-change-notre-vie\/"},"modified":"2021-07-10T05:37:00","modified_gmt":"2021-07-10T09:37:00","slug":"bas-les-masques-ce-corona-aura-change-notre-vie","status":"publish","type":"post","link":"https:\/\/linitiative.ca\/International\/bas-les-masques-ce-corona-aura-change-notre-vie\/","title":{"rendered":"Bas les masques: Ce corona aura chang\u00e9 notre vie"},"content":{"rendered":"<div><img decoding=\"async\" src=\"https:\/\/linitiative.ca\/International\/wp-content\/uploads\/sites\/23\/2021\/07\/1625906662_article.jpg\" alt=\"Bas les masques: Ce corona aura chang\u00e9 notre vie\" align=\"left\">Par Rym Ghachem Attia &#8211; Le confinement vous fait peut-\u00eatre ressentir certains sympt\u00f4mes (ruminations anxieuses, d\u00e9tresse, cauchemars, sentiment de perte de sens, etc.\u2026) que d\u2019autres subissent au quotidien depuis des ann\u00e9es. Mais soyons plus concrets encore. Ce confinement enl\u00e8ve tous les \u00e9tayages et maquillages que l&rsquo;on avait fait. Ce confinement nous met face \u00e0 nous-m\u00eame \u00e0 notre angoisse et \u00e0 notre conscience.<br \/>\nOui, nous sommes bien dans une catastrophe annonc\u00e9e. Ces derni\u00e8res ann\u00e9es les postures et les impostures se sont multipli\u00e9es sur la force de la technologie: nous sommes\u00a0 \u00e0 l\u2019\u00e8re de l\u2019homme augment\u00e9, et l\u2019homme qui vivra 1000 ans peut naitre.<br \/>\nEn 2021, des &#8230;<\/p>\n<\/div>\n<p>Auteur:<br \/>\n<a href=\"https:\/\/www.leaders.com.tn\/article\/32133-bas-les-masques-ce-corona-aura-change-notre-vie\">Cliquez ici pour lire l&rsquo;article depuis sa source.<\/a><\/p>\n","protected":false},"excerpt":{"rendered":"<p>Par Rym Ghachem Attia &#8211; Le confinement vous fait peut-\u00eatre ressentir certains sympt\u00f4mes (ruminations anxieuses, d\u00e9tresse, cauchemars, sentiment de perte de sens, etc.\u2026) que d\u2019autres subissent au quotidien depuis des ann\u00e9es. Mais soyons plus concrets encore. Ce confinement enl\u00e8ve tous les \u00e9tayages et maquillages que l&rsquo;on avait fait. Ce confinement nous met face \u00e0 nous-m\u00eame [&hellip;]<\/p>\n","protected":false},"author":1772,"featured_media":0,"comment_status":"closed","ping_status":"closed","sticky":false,"template":"","format":"standard","meta":{"fifu_image_url":"http:\/\/www.leaders.com.tn\/uploads\/content\/thumbnails_small\/1625906662_article.jpg","fifu_image_alt":"Bas les masques: Ce corona aura chang\u00e9 notre vie","footnotes":""},"categories":[73,55],"tags":[],"class_list":["post-121024","post","type-post","status-publish","format-standard","hentry","category-actualite","category-tunisie"],"_links":{"self":[{"href":"https:\/\/linitiative.ca\/International\/wp-json\/wp\/v2\/posts\/121024","targetHints":{"allow":["GET"]}}],"collection":[{"href":"https:\/\/linitiative.ca\/International\/wp-json\/wp\/v2\/posts"}],"about":[{"href":"https:\/\/linitiative.ca\/International\/wp-json\/wp\/v2\/types\/post"}],"author":[{"embeddable":true,"href":"https:\/\/linitiative.ca\/International\/wp-json\/wp\/v2\/users\/1772"}],"replies":[{"embeddable":true,"href":"https:\/\/linitiative.ca\/International\/wp-json\/wp\/v2\/comments?post=121024"}],"version-history":[{"count":0,"href":"https:\/\/linitiative.ca\/International\/wp-json\/wp\/v2\/posts\/121024\/revisions"}],"wp:attachment":[{"href":"https:\/\/linitiative.ca\/International\/wp-json\/wp\/v2\/media?parent=121024"}],"wp:term":[{"taxonomy":"category","embeddable":true,"href":"https:\/\/linitiative.ca\/International\/wp-json\/wp\/v2\/categories?post=121024"},{"taxonomy":"post_tag","embeddable":true,"href":"https:\/\/linitiative.ca\/International\/wp-json\/wp\/v2\/tags?post=121024"}],"curies":[{"name":"wp","href":"https:\/\/api.w.org\/{rel}","templated":true}]}}