{"id":121026,"date":"2021-07-10T13:02:42","date_gmt":"2021-07-10T17:02:42","guid":{"rendered":"https:\/\/linitiative.ca\/International\/voitures-electriques-dfsk-et-africa-motors-lancent-la-marque-seres\/"},"modified":"2021-07-10T13:02:42","modified_gmt":"2021-07-10T17:02:42","slug":"voitures-electriques-dfsk-et-africa-motors-lancent-la-marque-seres","status":"publish","type":"post","link":"https:\/\/linitiative.ca\/International\/voitures-electriques-dfsk-et-africa-motors-lancent-la-marque-seres\/","title":{"rendered":"Voitures \u00e9lectriques. DFSK et Africa Motors lancent la marque SERES"},"content":{"rendered":"<div><img decoding=\"async\" width=\"1280\" height=\"697\" src=\"https:\/\/linitiative.ca\/International\/wp-content\/uploads\/sites\/23\/2021\/07\/SERES-ouverture.jpeg\" class=\"attachment-post-thumbnail size-post-thumbnail wp-post-image\" alt=\"\" loading=\"lazy\" srcset=\"https:\/\/linitiative.ca\/International\/wp-content\/uploads\/sites\/23\/2021\/07\/SERES-ouverture.jpeg 1280w, https:\/\/www.challenge.ma\/wp-content\/uploads\/2021\/07\/SERES-ouverture-300x163.jpeg 300w, https:\/\/www.challenge.ma\/wp-content\/uploads\/2021\/07\/SERES-ouverture-1024x558.jpeg 1024w, https:\/\/www.challenge.ma\/wp-content\/uploads\/2021\/07\/SERES-ouverture-768x418.jpeg 768w, https:\/\/www.challenge.ma\/wp-content\/uploads\/2021\/07\/SERES-ouverture-360x196.jpeg 360w, https:\/\/www.challenge.ma\/wp-content\/uploads\/2021\/07\/SERES-ouverture-750x408.jpeg 750w\" sizes=\"auto, (max-width: 1280px) 100vw, 1280px\" itemprop=\"image\">DFSK et Africa Motors (Groupe Auto Hall) viennent tout juste de lancer une marque automobile 100% \u00e9lectrique baptis\u00e9e SERES. Une premi\u00e8re au Maroc qui atteste des ambitions des deux partenaires qui entendent faire du v\u00e9hicule \u00e9lectrique leur nouveau cheval de bataille. Et pour y parvenir, ils se sont donn\u00e9 les<\/div>\n<p>Auteur: David J\u00e9r\u00e9mie<br \/>\n<a href=\"https:\/\/www.challenge.ma\/voitures-electriques-dfsk-et-africa-motors-lancent-la-marque-seres-192146\/\">Cliquez ici pour lire l&rsquo;article depuis sa source.<\/a><\/p>\n","protected":false},"excerpt":{"rendered":"<p>DFSK et Africa Motors (Groupe Auto Hall) viennent tout juste de lancer une marque automobile 100% \u00e9lectrique baptis\u00e9e SERES. Une premi\u00e8re au Maroc qui atteste des ambitions des deux partenaires qui entendent faire du v\u00e9hicule \u00e9lectrique leur nouveau cheval de bataille. Et pour y parvenir, ils se sont donn\u00e9 les Auteur: David J\u00e9r\u00e9mie Cliquez ici [&hellip;]<\/p>\n","protected":false},"author":1787,"featured_media":0,"comment_status":"closed","ping_status":"closed","sticky":false,"template":"","format":"standard","meta":{"fifu_image_url":"https:\/\/www.challenge.ma\/wp-content\/uploads\/2021\/07\/SERES-ouverture.jpeg","fifu_image_alt":"Voitures \u00e9lectriques. DFSK et Africa Motors lancent la marque SERES","footnotes":""},"categories":[78,54],"tags":[],"class_list":["post-121026","post","type-post","status-publish","format-standard","hentry","category-economie","category-maroc"],"_links":{"self":[{"href":"https:\/\/linitiative.ca\/International\/wp-json\/wp\/v2\/posts\/121026","targetHints":{"allow":["GET"]}}],"collection":[{"href":"https:\/\/linitiative.ca\/International\/wp-json\/wp\/v2\/posts"}],"about":[{"href":"https:\/\/linitiative.ca\/International\/wp-json\/wp\/v2\/types\/post"}],"author":[{"embeddable":true,"href":"https:\/\/linitiative.ca\/International\/wp-json\/wp\/v2\/users\/1787"}],"replies":[{"embeddable":true,"href":"https:\/\/linitiative.ca\/International\/wp-json\/wp\/v2\/comments?post=121026"}],"version-history":[{"count":0,"href":"https:\/\/linitiative.ca\/International\/wp-json\/wp\/v2\/posts\/121026\/revisions"}],"wp:attachment":[{"href":"https:\/\/linitiative.ca\/International\/wp-json\/wp\/v2\/media?parent=121026"}],"wp:term":[{"taxonomy":"category","embeddable":true,"href":"https:\/\/linitiative.ca\/International\/wp-json\/wp\/v2\/categories?post=121026"},{"taxonomy":"post_tag","embeddable":true,"href":"https:\/\/linitiative.ca\/International\/wp-json\/wp\/v2\/tags?post=121026"}],"curies":[{"name":"wp","href":"https:\/\/api.w.org\/{rel}","templated":true}]}}