{"id":121028,"date":"2021-07-10T16:01:25","date_gmt":"2021-07-10T20:01:25","guid":{"rendered":"https:\/\/linitiative.ca\/International\/abir-moussivideo-le-gouvernement-a-prepare-un-genocide-davance\/"},"modified":"2021-07-10T16:01:25","modified_gmt":"2021-07-10T20:01:25","slug":"abir-moussivideo-le-gouvernement-a-prepare-un-genocide-davance","status":"publish","type":"post","link":"https:\/\/linitiative.ca\/International\/abir-moussivideo-le-gouvernement-a-prepare-un-genocide-davance\/","title":{"rendered":"Abir Moussi[VIDEO]: \u201cLe gouvernement a pr\u00e9par\u00e9 un g\u00e9nocide d\u2019avance!\u201d"},"content":{"rendered":"<div>\n<p>La Cheffe du PDL, Abir Moussi a comment\u00e9 dans une vid\u00e9o diffus\u00e9e en direct sur sa page ce soir 10 juillet 2021, les mesures sanitaires prises dans le cadre de lutte contre la pand\u00e9mie du Coronavirus. Madame Moussi a indiqu\u00e9 que le minist\u00e8re a annonc\u00e9 dans un communiqu\u00e9 rendu public sur sa page le 08 [\u2026]<\/p>\n<p>L\u2019article <a href=\"https:\/\/www.tunisienumerique.com\/abir-moussivideo-le-gouvernement-a-prepare-un-genocide-davance\/\">Abir Moussi[VIDEO]: \u201cLe gouvernement a pr\u00e9par\u00e9 un g\u00e9nocide d\u2019avance!\u201d<\/a> est apparu en premier sur <a href=\"https:\/\/www.tunisienumerique.com\/\">Tunisie<\/a>.<\/p>\n<\/div>\n<p>Auteur: rania ben slimane<br \/>\n<a href=\"https:\/\/www.tunisienumerique.com\/abir-moussivideo-le-gouvernement-a-prepare-un-genocide-davance\/\">Cliquez ici pour lire l&rsquo;article depuis sa source.<\/a><\/p>\n","protected":false},"excerpt":{"rendered":"<p>La Cheffe du PDL, Abir Moussi a comment\u00e9 dans une vid\u00e9o diffus\u00e9e en direct sur sa page ce soir 10 juillet 2021, les mesures sanitaires prises dans le cadre de lutte contre la pand\u00e9mie du Coronavirus. Madame Moussi a indiqu\u00e9 que le minist\u00e8re a annonc\u00e9 dans un communiqu\u00e9 rendu public sur sa page le 08 [&hellip;]<\/p>\n","protected":false},"author":1789,"featured_media":0,"comment_status":"closed","ping_status":"closed","sticky":false,"template":"","format":"standard","meta":{"fifu_image_url":"","fifu_image_alt":"","footnotes":""},"categories":[73,55],"tags":[],"class_list":["post-121028","post","type-post","status-publish","format-standard","hentry","category-actualite","category-tunisie"],"_links":{"self":[{"href":"https:\/\/linitiative.ca\/International\/wp-json\/wp\/v2\/posts\/121028","targetHints":{"allow":["GET"]}}],"collection":[{"href":"https:\/\/linitiative.ca\/International\/wp-json\/wp\/v2\/posts"}],"about":[{"href":"https:\/\/linitiative.ca\/International\/wp-json\/wp\/v2\/types\/post"}],"author":[{"embeddable":true,"href":"https:\/\/linitiative.ca\/International\/wp-json\/wp\/v2\/users\/1789"}],"replies":[{"embeddable":true,"href":"https:\/\/linitiative.ca\/International\/wp-json\/wp\/v2\/comments?post=121028"}],"version-history":[{"count":0,"href":"https:\/\/linitiative.ca\/International\/wp-json\/wp\/v2\/posts\/121028\/revisions"}],"wp:attachment":[{"href":"https:\/\/linitiative.ca\/International\/wp-json\/wp\/v2\/media?parent=121028"}],"wp:term":[{"taxonomy":"category","embeddable":true,"href":"https:\/\/linitiative.ca\/International\/wp-json\/wp\/v2\/categories?post=121028"},{"taxonomy":"post_tag","embeddable":true,"href":"https:\/\/linitiative.ca\/International\/wp-json\/wp\/v2\/tags?post=121028"}],"curies":[{"name":"wp","href":"https:\/\/api.w.org\/{rel}","templated":true}]}}