{"id":121029,"date":"2021-07-10T16:23:13","date_gmt":"2021-07-10T20:23:13","guid":{"rendered":"https:\/\/linitiative.ca\/International\/cite-ettadhamen-video-intervention-des-forces-securitaires-pour-imposer-le-couvre-feu\/"},"modified":"2021-07-10T16:23:13","modified_gmt":"2021-07-10T20:23:13","slug":"cite-ettadhamen-video-intervention-des-forces-securitaires-pour-imposer-le-couvre-feu","status":"publish","type":"post","link":"https:\/\/linitiative.ca\/International\/cite-ettadhamen-video-intervention-des-forces-securitaires-pour-imposer-le-couvre-feu\/","title":{"rendered":"Cit\u00e9 Ettadhamen [VIDEO]: Intervention des forces s\u00e9curitaires pour imposer le couvre-feu"},"content":{"rendered":"<div>\n<p>Dans le cadre du suivi de l\u2019application du couvre-feu \u00e0 la Cit\u00e9 Ettadhamen de 20H00 \u00e0 05H00 et du confinement g\u00e9n\u00e9ral, le correspondant de Tunisienum\u00e9rique nous a transmis ce soir 10 juillet 2021 la situation depuis le quartier n\u00b0105. D\u2019apr\u00e8s les s\u00e9quences, les habitants \u201cinsouciants\u201d circulent dans la rue, d\u2019autres point\u00e9s devant des locaux commerciaux [\u2026]<\/p>\n<p>L\u2019article <a href=\"https:\/\/www.tunisienumerique.com\/cite-ettadhamen-video-intervention-des-forces-securitaires-pour-imposer-le-couvre-feu-2\/\">Cit\u00e9 Ettadhamen [VIDEO]: Intervention des forces s\u00e9curitaires pour imposer le couvre-feu<\/a> est apparu en premier sur <a href=\"https:\/\/www.tunisienumerique.com\/\">Tunisie<\/a>.<\/p>\n<\/div>\n<p>Auteur: rania ben slimane<br \/>\n<a href=\"https:\/\/www.tunisienumerique.com\/cite-ettadhamen-video-intervention-des-forces-securitaires-pour-imposer-le-couvre-feu-2\/\">Cliquez ici pour lire l&rsquo;article depuis sa source.<\/a><\/p>\n","protected":false},"excerpt":{"rendered":"<p>Dans le cadre du suivi de l\u2019application du couvre-feu \u00e0 la Cit\u00e9 Ettadhamen de 20H00 \u00e0 05H00 et du confinement g\u00e9n\u00e9ral, le correspondant de Tunisienum\u00e9rique nous a transmis ce soir 10 juillet 2021 la situation depuis le quartier n\u00b0105. D\u2019apr\u00e8s les s\u00e9quences, les habitants \u201cinsouciants\u201d circulent dans la rue, d\u2019autres point\u00e9s devant des locaux commerciaux [&hellip;]<\/p>\n","protected":false},"author":1789,"featured_media":0,"comment_status":"closed","ping_status":"closed","sticky":false,"template":"","format":"standard","meta":{"fifu_image_url":"","fifu_image_alt":"","footnotes":""},"categories":[73,55],"tags":[],"class_list":["post-121029","post","type-post","status-publish","format-standard","hentry","category-actualite","category-tunisie"],"_links":{"self":[{"href":"https:\/\/linitiative.ca\/International\/wp-json\/wp\/v2\/posts\/121029","targetHints":{"allow":["GET"]}}],"collection":[{"href":"https:\/\/linitiative.ca\/International\/wp-json\/wp\/v2\/posts"}],"about":[{"href":"https:\/\/linitiative.ca\/International\/wp-json\/wp\/v2\/types\/post"}],"author":[{"embeddable":true,"href":"https:\/\/linitiative.ca\/International\/wp-json\/wp\/v2\/users\/1789"}],"replies":[{"embeddable":true,"href":"https:\/\/linitiative.ca\/International\/wp-json\/wp\/v2\/comments?post=121029"}],"version-history":[{"count":0,"href":"https:\/\/linitiative.ca\/International\/wp-json\/wp\/v2\/posts\/121029\/revisions"}],"wp:attachment":[{"href":"https:\/\/linitiative.ca\/International\/wp-json\/wp\/v2\/media?parent=121029"}],"wp:term":[{"taxonomy":"category","embeddable":true,"href":"https:\/\/linitiative.ca\/International\/wp-json\/wp\/v2\/categories?post=121029"},{"taxonomy":"post_tag","embeddable":true,"href":"https:\/\/linitiative.ca\/International\/wp-json\/wp\/v2\/tags?post=121029"}],"curies":[{"name":"wp","href":"https:\/\/api.w.org\/{rel}","templated":true}]}}