{"id":121031,"date":"2021-07-10T16:56:55","date_gmt":"2021-07-10T20:56:55","guid":{"rendered":"https:\/\/linitiative.ca\/International\/le-raja-casablanca-et-lassaad-chebbi-remportent-la-coupe-de-la-caf\/"},"modified":"2021-07-10T16:56:55","modified_gmt":"2021-07-10T20:56:55","slug":"le-raja-casablanca-et-lassaad-chebbi-remportent-la-coupe-de-la-caf","status":"publish","type":"post","link":"https:\/\/linitiative.ca\/International\/le-raja-casablanca-et-lassaad-chebbi-remportent-la-coupe-de-la-caf\/","title":{"rendered":"Le Raja Casablanca et Lassaad Chebbi remportent la Coupe de la CAF"},"content":{"rendered":"<div>\n<p>Le Raja Casablanca de Lassaad Chebbi a remport\u00e9 ce soir la Coupe de la CAF apr\u00e8s avoir battu les Alg\u00e9riens de la JS Kabylie en finale (2-1). L\u2019attaquant Soufiene Rahimi n\u2019a pas attendu que 5 petites minutes pour ouvrir le score. 8 minutes plus tard, son co\u00e9quipier congolais Ben Malango (14e) a doubl\u00e9 la mise [\u2026]<\/p>\n<p>L\u2019article <a href=\"https:\/\/sport.tunisienumerique.com\/le-raja-casablanca-et-lassaad-chebbi-remportent-la-coupe-de-la-caf\/\">Le Raja Casablanca et Lassaad Chebbi remportent la Coupe de la CAF<\/a> est apparu en premier sur <a href=\"https:\/\/www.tunisienumerique.com\/\">Tunisie<\/a>.<\/p>\n<\/div>\n<p>Auteur:<br \/>\n<a href=\"https:\/\/sport.tunisienumerique.com\/le-raja-casablanca-et-lassaad-chebbi-remportent-la-coupe-de-la-caf\/\">Cliquez ici pour lire l&rsquo;article depuis sa source.<\/a><\/p>\n","protected":false},"excerpt":{"rendered":"<p>Le Raja Casablanca de Lassaad Chebbi a remport\u00e9 ce soir la Coupe de la CAF apr\u00e8s avoir battu les Alg\u00e9riens de la JS Kabylie en finale (2-1). L\u2019attaquant Soufiene Rahimi n\u2019a pas attendu que 5 petites minutes pour ouvrir le score. 8 minutes plus tard, son co\u00e9quipier congolais Ben Malango (14e) a doubl\u00e9 la mise [&hellip;]<\/p>\n","protected":false},"author":1789,"featured_media":0,"comment_status":"closed","ping_status":"closed","sticky":false,"template":"","format":"standard","meta":{"fifu_image_url":"","fifu_image_alt":"","footnotes":""},"categories":[73,55],"tags":[],"class_list":["post-121031","post","type-post","status-publish","format-standard","hentry","category-actualite","category-tunisie"],"_links":{"self":[{"href":"https:\/\/linitiative.ca\/International\/wp-json\/wp\/v2\/posts\/121031","targetHints":{"allow":["GET"]}}],"collection":[{"href":"https:\/\/linitiative.ca\/International\/wp-json\/wp\/v2\/posts"}],"about":[{"href":"https:\/\/linitiative.ca\/International\/wp-json\/wp\/v2\/types\/post"}],"author":[{"embeddable":true,"href":"https:\/\/linitiative.ca\/International\/wp-json\/wp\/v2\/users\/1789"}],"replies":[{"embeddable":true,"href":"https:\/\/linitiative.ca\/International\/wp-json\/wp\/v2\/comments?post=121031"}],"version-history":[{"count":0,"href":"https:\/\/linitiative.ca\/International\/wp-json\/wp\/v2\/posts\/121031\/revisions"}],"wp:attachment":[{"href":"https:\/\/linitiative.ca\/International\/wp-json\/wp\/v2\/media?parent=121031"}],"wp:term":[{"taxonomy":"category","embeddable":true,"href":"https:\/\/linitiative.ca\/International\/wp-json\/wp\/v2\/categories?post=121031"},{"taxonomy":"post_tag","embeddable":true,"href":"https:\/\/linitiative.ca\/International\/wp-json\/wp\/v2\/tags?post=121031"}],"curies":[{"name":"wp","href":"https:\/\/api.w.org\/{rel}","templated":true}]}}