{"id":121032,"date":"2021-07-10T17:19:04","date_gmt":"2021-07-10T21:19:04","guid":{"rendered":"https:\/\/linitiative.ca\/International\/le-porte-parole-des-douanes-tout-resident-a-letranger-a-le-droit-dapporter-avec-lui-un-concentrateur-doxygene\/"},"modified":"2021-07-10T17:19:04","modified_gmt":"2021-07-10T21:19:04","slug":"le-porte-parole-des-douanes-tout-resident-a-letranger-a-le-droit-dapporter-avec-lui-un-concentrateur-doxygene","status":"publish","type":"post","link":"https:\/\/linitiative.ca\/International\/le-porte-parole-des-douanes-tout-resident-a-letranger-a-le-droit-dapporter-avec-lui-un-concentrateur-doxygene\/","title":{"rendered":"Le Porte-parole des Douanes: \u00ab Tout r\u00e9sident \u00e0 l\u2019\u00e9tranger a le droit d\u2019apporter avec lui un concentrateur d\u2019oxyg\u00e8ne\u00bb"},"content":{"rendered":"<div>\n<p>Le Porte-parole des Douanes, le g\u00e9n\u00e9ral de brigade, Haithem Zannad a annonc\u00e9 aujourd\u2019hui 10 juillet 2021 dans une d\u00e9claration accord\u00e9e \u00e0 une radio priv\u00e9e que : \u201cTout r\u00e9sident \u00e0 l\u2019\u00e9tranger a le droit d\u2019apporter pour sa famille, et dans ses bagages personnels, un concentrateur d\u2019oxyg\u00e8ne exon\u00e9r\u00e9 de droits,\u2026c\u2019est-\u00e0-dire un concentrateur par chaque passager ! (..) [\u2026]<\/p>\n<p>L\u2019article <a href=\"https:\/\/www.tunisienumerique.com\/le-porte-parole-des-douanes-tout-resident-a-letranger-a-le-droit-dapporter-avec-lui-un-concentrateur-doxygene\/\">Le Porte-parole des Douanes: \u00ab Tout r\u00e9sident \u00e0 l\u2019\u00e9tranger a le droit d\u2019apporter avec lui un concentrateur d\u2019oxyg\u00e8ne\u00bb<\/a> est apparu en premier sur <a href=\"https:\/\/www.tunisienumerique.com\/\">Tunisie<\/a>.<\/p>\n<\/div>\n<p>Auteur: rania ben slimane<br \/>\n<a href=\"https:\/\/www.tunisienumerique.com\/le-porte-parole-des-douanes-tout-resident-a-letranger-a-le-droit-dapporter-avec-lui-un-concentrateur-doxygene\/\">Cliquez ici pour lire l&rsquo;article depuis sa source.<\/a><\/p>\n","protected":false},"excerpt":{"rendered":"<p>Le Porte-parole des Douanes, le g\u00e9n\u00e9ral de brigade, Haithem Zannad a annonc\u00e9 aujourd\u2019hui 10 juillet 2021 dans une d\u00e9claration accord\u00e9e \u00e0 une radio priv\u00e9e que : \u201cTout r\u00e9sident \u00e0 l\u2019\u00e9tranger a le droit d\u2019apporter pour sa famille, et dans ses bagages personnels, un concentrateur d\u2019oxyg\u00e8ne exon\u00e9r\u00e9 de droits,\u2026c\u2019est-\u00e0-dire un concentrateur par chaque passager ! (..) [&hellip;]<\/p>\n","protected":false},"author":1789,"featured_media":0,"comment_status":"closed","ping_status":"closed","sticky":false,"template":"","format":"standard","meta":{"fifu_image_url":"","fifu_image_alt":"","footnotes":""},"categories":[73,55],"tags":[],"class_list":["post-121032","post","type-post","status-publish","format-standard","hentry","category-actualite","category-tunisie"],"_links":{"self":[{"href":"https:\/\/linitiative.ca\/International\/wp-json\/wp\/v2\/posts\/121032","targetHints":{"allow":["GET"]}}],"collection":[{"href":"https:\/\/linitiative.ca\/International\/wp-json\/wp\/v2\/posts"}],"about":[{"href":"https:\/\/linitiative.ca\/International\/wp-json\/wp\/v2\/types\/post"}],"author":[{"embeddable":true,"href":"https:\/\/linitiative.ca\/International\/wp-json\/wp\/v2\/users\/1789"}],"replies":[{"embeddable":true,"href":"https:\/\/linitiative.ca\/International\/wp-json\/wp\/v2\/comments?post=121032"}],"version-history":[{"count":0,"href":"https:\/\/linitiative.ca\/International\/wp-json\/wp\/v2\/posts\/121032\/revisions"}],"wp:attachment":[{"href":"https:\/\/linitiative.ca\/International\/wp-json\/wp\/v2\/media?parent=121032"}],"wp:term":[{"taxonomy":"category","embeddable":true,"href":"https:\/\/linitiative.ca\/International\/wp-json\/wp\/v2\/categories?post=121032"},{"taxonomy":"post_tag","embeddable":true,"href":"https:\/\/linitiative.ca\/International\/wp-json\/wp\/v2\/tags?post=121032"}],"curies":[{"name":"wp","href":"https:\/\/api.w.org\/{rel}","templated":true}]}}