{"id":121033,"date":"2021-07-09T20:18:02","date_gmt":"2021-07-10T00:18:02","guid":{"rendered":"https:\/\/linitiative.ca\/International\/les-presidents-des-parlements-africains-reclament-la-levee-des-brevets-sur-les-vaccins-anti-covid\/"},"modified":"2021-07-09T20:18:02","modified_gmt":"2021-07-10T00:18:02","slug":"les-presidents-des-parlements-africains-reclament-la-levee-des-brevets-sur-les-vaccins-anti-covid","status":"publish","type":"post","link":"https:\/\/linitiative.ca\/International\/les-presidents-des-parlements-africains-reclament-la-levee-des-brevets-sur-les-vaccins-anti-covid\/","title":{"rendered":"\u00a0Les pr\u00e9sidents des parlements africains r\u00e9clament la lev\u00e9e des brevets sur les vaccins anti-Covid"},"content":{"rendered":"<div>\n<p><img loading=\"lazy\" decoding=\"async\" width=\"299\" height=\"168\" src=\"https:\/\/linitiative.ca\/International\/wp-content\/uploads\/sites\/23\/2021\/07\/16258762828649.jpg\" class=\"attachment-post-thumbnail size-post-thumbnail wp-post-image\" alt=\"\" srcset=\"https:\/\/linitiative.ca\/International\/wp-content\/uploads\/sites\/23\/2021\/07\/16258762828649.jpg 299w, https:\/\/www.journalducameroun.com\/wp-content\/uploads\/2021\/07\/16258762828649-780x440.jpg 780w, https:\/\/www.journalducameroun.com\/wp-content\/uploads\/2021\/07\/16258762828649-380x215.jpg 380w, https:\/\/www.journalducameroun.com\/wp-content\/uploads\/2021\/07\/16258762828649-160x90.jpg 160w, https:\/\/www.journalducameroun.com\/wp-content\/uploads\/2021\/07\/16258762828649-240x135.jpg 240w\" sizes=\"auto, (max-width: 299px) 100vw, 299px\"><\/p>\n<p>Les pr\u00e9sidents des parlements africains, r\u00e9unis vendredi \u00e0 Rabat, ont point\u00e9 du doigt la persistance des pays riches et des laboratoires mondiaux produisant les vaccins contre la pand\u00e9mie de la Covid-19 \u00e0 soumettre ces vaccins \u00e0 la logique du march\u00e9 et aux r\u00e8gles des brevets et de la propri\u00e9t\u00e9 intellectuelle et industrielle, \u00e0 un moment o\u00f9 la crise sanitaire frappe de plein fouet le monde entier. Pour eux, la menace du coronavirus durera tant que les vaccins ne sont pas g\u00e9n\u00e9ralis\u00e9s et mis \u00e0 la disposition de tous les peuples de la terre.Les responsables africains voient en l&rsquo;appel du pr\u00e9sident am\u00e9ricain de suspendre l&rsquo;applicabilit\u00e9 des brevets relatifs au vaccin contre la Covid-19 une lueur d&rsquo;espoir, surtout que Joe Biden a r\u00e9clam\u00e9 l&rsquo;activation urgente de cette initiative, compte tenu de la propagation rapide de l&rsquo;\u00e9pid\u00e9mie.\u00a0<\/p>\n<p>Ils ont profit\u00e9 de leur rencontre \u00e0 Rabat pour appeler les grandes puissances industrielles et les laboratoires internationaux \u00e0 mettre fin \u00e0 la pratique des brevets pour les vaccins anti-Covid-19, afin de permettre \u00e0 tous les peuples de la terre, y compris les peuples africains, de se procurer le vaccin et de le produire localement en vertu des principes du droit \u00e0 la vie, \u00e0 la sant\u00e9 et celui de l&rsquo;acc\u00e8s aux m\u00e9dicaments pour tous.<\/p>\n<p>La vaccination de tous les peuples ne saurait se faire que si le transfert de technologie pour la fabrication de vaccins est facilit\u00e9. L&rsquo;id\u00e9e est de permettre \u00e0 chaque pays de s&rsquo;autonomiser dans le cadre de partenariats internationaux et locaux impliquant les secteurs public et priv\u00e9.\u00a0<\/p>\n<p>Cet article <a rel=\"nofollow\" href=\"https:\/\/www.journalducameroun.com\/les-presidents-des-parlements-africains-reclament-la-levee-des-brevets-sur-les-vaccins-anti-covid\/\">\u00a0Les pr\u00e9sidents des parlements africains r\u00e9clament la lev\u00e9e des brevets sur les vaccins anti-Covid<\/a> est apparu en premier sur <a rel=\"nofollow\" href=\"https:\/\/www.journalducameroun.com\/\">Journal du Cameroun<\/a>.<\/p>\n<\/div>\n<p>Auteur: APA News<br \/>\n<a href=\"https:\/\/www.journalducameroun.com\/les-presidents-des-parlements-africains-reclament-la-levee-des-brevets-sur-les-vaccins-anti-covid\/\">Cliquez ici pour lire l&rsquo;article depuis sa source.<\/a><\/p>\n","protected":false},"excerpt":{"rendered":"<p>Les pr\u00e9sidents des parlements africains, r\u00e9unis vendredi \u00e0 Rabat, ont point\u00e9 du doigt la persistance des pays riches et des laboratoires mondiaux produisant les vaccins contre la pand\u00e9mie de la Covid-19 \u00e0 soumettre ces vaccins \u00e0 la logique du march\u00e9 et aux r\u00e8gles des brevets et de la propri\u00e9t\u00e9 intellectuelle et industrielle, \u00e0 un moment [&hellip;]<\/p>\n","protected":false},"author":1965,"featured_media":0,"comment_status":"closed","ping_status":"closed","sticky":false,"template":"","format":"standard","meta":{"fifu_image_url":"https:\/\/www.journalducameroun.com\/wp-content\/uploads\/2021\/07\/16258762828649.jpg","fifu_image_alt":"\u00a0Les pr\u00e9sidents des parlements africains r\u00e9clament la lev\u00e9e des brevets sur les vaccins anti-Covid","footnotes":""},"categories":[73,82],"tags":[],"class_list":["post-121033","post","type-post","status-publish","format-standard","hentry","category-actualite","category-cameroun"],"_links":{"self":[{"href":"https:\/\/linitiative.ca\/International\/wp-json\/wp\/v2\/posts\/121033","targetHints":{"allow":["GET"]}}],"collection":[{"href":"https:\/\/linitiative.ca\/International\/wp-json\/wp\/v2\/posts"}],"about":[{"href":"https:\/\/linitiative.ca\/International\/wp-json\/wp\/v2\/types\/post"}],"author":[{"embeddable":true,"href":"https:\/\/linitiative.ca\/International\/wp-json\/wp\/v2\/users\/1965"}],"replies":[{"embeddable":true,"href":"https:\/\/linitiative.ca\/International\/wp-json\/wp\/v2\/comments?post=121033"}],"version-history":[{"count":0,"href":"https:\/\/linitiative.ca\/International\/wp-json\/wp\/v2\/posts\/121033\/revisions"}],"wp:attachment":[{"href":"https:\/\/linitiative.ca\/International\/wp-json\/wp\/v2\/media?parent=121033"}],"wp:term":[{"taxonomy":"category","embeddable":true,"href":"https:\/\/linitiative.ca\/International\/wp-json\/wp\/v2\/categories?post=121033"},{"taxonomy":"post_tag","embeddable":true,"href":"https:\/\/linitiative.ca\/International\/wp-json\/wp\/v2\/tags?post=121033"}],"curies":[{"name":"wp","href":"https:\/\/api.w.org\/{rel}","templated":true}]}}