{"id":121035,"date":"2021-07-09T21:18:01","date_gmt":"2021-07-10T01:18:01","guid":{"rendered":"https:\/\/linitiative.ca\/International\/fake-news-les-medias-numeriques-ivoiriens-en-reflexion-sur-une-charte\/"},"modified":"2021-07-09T21:18:01","modified_gmt":"2021-07-10T01:18:01","slug":"fake-news-les-medias-numeriques-ivoiriens-en-reflexion-sur-une-charte","status":"publish","type":"post","link":"https:\/\/linitiative.ca\/International\/fake-news-les-medias-numeriques-ivoiriens-en-reflexion-sur-une-charte\/","title":{"rendered":"Fake news: les m\u00e9dias num\u00e9riques ivoiriens en r\u00e9flexion sur une Charte"},"content":{"rendered":"<div>\n<p><img loading=\"lazy\" decoding=\"async\" width=\"800\" height=\"533\" src=\"https:\/\/linitiative.ca\/International\/wp-content\/uploads\/sites\/23\/2021\/07\/16258798814741.jpg\" class=\"attachment-post-thumbnail size-post-thumbnail wp-post-image\" alt=\"\" srcset=\"https:\/\/linitiative.ca\/International\/wp-content\/uploads\/sites\/23\/2021\/07\/16258798814741.jpg 800w, https:\/\/www.journalducameroun.com\/wp-content\/uploads\/2021\/07\/16258798814741-300x200.jpg 300w, https:\/\/www.journalducameroun.com\/wp-content\/uploads\/2021\/07\/16258798814741-768x512.jpg 768w, https:\/\/www.journalducameroun.com\/wp-content\/uploads\/2021\/07\/16258798814741-660x440.jpg 660w, https:\/\/www.journalducameroun.com\/wp-content\/uploads\/2021\/07\/16258798814741-600x400.jpg 600w\" sizes=\"auto, (max-width: 800px) 100vw, 800px\"><\/p>\n<p>Le R\u00e9seaux des professionnels de la presse en ligne (Repprelci), la fa\u00eeti\u00e8re des m\u00e9dias num\u00e9riques ivoiriens, engag\u00e9 dans la lutte contre les fake news, r\u00e9fl\u00e9chit avec ses partenaires sur une Charte de bonne conduite sur les r\u00e9seaux sociaux.<\/p>\n<p>Avec l&rsquo;appui financier du Fonds des Nations Unies pour la consolidation de la paix (FCB) \u00e0 travers le Programme des Nations Unies pour le d\u00e9veloppement (Pnud) \u00e0 Abidjan, le Repprelci a initi\u00e9 un s\u00e9minaire de formation sur les fake news et les discours de haine, qui s&rsquo;est ouvert vendredi pour s&rsquo;achever dimanche.<\/p>\n<p>Ce s\u00e9minaire qui a lieu \u00e0 Grand-Bassam, \u00e0 40 Km au Sud-Est d&rsquo;Abidjan, regroupe des professionnels des m\u00e9dias, les organes de r\u00e9gulation du secteur, la gendarmerie nationale, la police nationale, la soci\u00e9t\u00e9 civile, des consommateurs, des ONG, des influenceurs et des blogueurs.<\/p>\n<p>Selon le pr\u00e9sident du Repprelci, Lassina Serm\u00e9, l&rsquo;objectif est de \u00ab\u00a0donner des rudiments et les \u00e9l\u00e9ments de langage aux participants\u00a0\u00bb en vue d&rsquo;une sensibilisation efficace dans les m\u00e9dias en ligne et les r\u00e9seaux sociaux contre les fake news et les discours de haine.<\/p>\n<p>\u00ab\u00a0Nous pensons qu&rsquo;en tant que professionnels du secteur, nous avons notre contribution \u00e0 apporter dans cette lutte tout azimut contre ce fl\u00e9au que repr\u00e9sentent les fake news\u00a0\u00bb, a dit M. Lassina Serm\u00e9.<\/p>\n<p>A l&rsquo;issue de ce s\u00e9minaire, dira-t-il, \u00ab\u00a0nous devons adopter une Charte de bonne conduite d&rsquo;utilisation des m\u00e9dias num\u00e9riques et des r\u00e9seaux sociaux\u00a0\u00bb, qui s&rsquo;inscrit dans le \u00ab\u00a0prolongement des activit\u00e9s men\u00e9es par l&rsquo;Observatoire des m\u00e9dias num\u00e9riques de C\u00f4te d&rsquo;Ivoire (Omenci)\u00a0\u00bb.<\/p>\n<p>Cet organe technique du Repprelci \u00ab\u00a0scrute les diff\u00e9rentes sites d&rsquo;informations et les r\u00e9seaux sociaux pour \u00e9pingler les discours de haine et les manquements au Code de d\u00e9ontologie afin de pouvoir les rectifier aupr\u00e8s des auteurs de ces fautes\u00a0\u00bb, a pr\u00e9cis\u00e9 M. Serm\u00e9.<\/p>\n<p>Il s&rsquo;agit d&rsquo;instituer \u00ab\u00a0une Charte \u00e0 laquelle chacun de nous va adh\u00e9rer et qui peut \u00eatre une sorte de feuille de route que nous allons suivre pour pouvoir rester dans ce canevas qui est d&rsquo;avoir des \u00e9crits qui partent dans le sens de la r\u00e9conciliation et de la coh\u00e9sion sociale\u00a0\u00bb, a-t-il ajout\u00e9.<\/p>\n<p>Le ministre ivoirien de la R\u00e9conciliation et de la coh\u00e9sion nationale, Kouadio Konan Bertin (KKB) a salu\u00e9 cette \u00ab\u00a0belle initiative qui s&rsquo;inscrit parfaitement dans la vision du pr\u00e9sident de la R\u00e9publique, d&rsquo;amener tous les Ivoiriens au vivre ensemble\u00a0\u00bb dans leur diversit\u00e9.<\/p>\n<p>Il a fait observer que la diffusion de fausses nouvelles et les messages violents mettent in\u00e9luctablement en mal la coh\u00e9sion nationale et la coexistence pacifique, soulignant que les discours haineux ont un fort impact chez les jeunes.<\/p>\n<p>M. Kouadio Konan Bertin a assur\u00e9 qu&rsquo;il fera tout pour venir \u00e0 la cl\u00f4ture, parce que les r\u00e9sultats attendus vont \u00ab\u00a0figurer au rang des pr\u00e9occupations\u00a0\u00bb au niveau du d\u00e9partement minist\u00e9riel de la R\u00e9conciliation.<\/p>\n<p>M. Ars\u00e8ne Assand\u00e9, Repr\u00e9sentant la Repr\u00e9sentante r\u00e9sidente du PNUD \u00e0 Abidjan Carol Flore-Smereczniak, \u00a0a traduit l&rsquo;engagement de l&rsquo;institution \u00e0 accompagner le gouvernement et les acteurs du domaine de la communication dans la recherche de solutions pour r\u00e9duire l&rsquo;impact de la d\u00e9sinformation sur la coh\u00e9sion sociale.<\/p>\n<p>Il a \u00e9voqu\u00e9 la diffusion r\u00e9cente, sur les r\u00e9seaux sociaux le 19 mai 2021, d&rsquo;une fausse information ayant entra\u00een\u00e9 des violences cibl\u00e9es \u00e0 l&rsquo;endroit de la communaut\u00e9 nig\u00e9rienne vivant en C\u00f4te d&rsquo;Ivoire, ce qui commande d'\u00a0\u00bbadresser cette probl\u00e9matique avec une urgence absolue\u00a0\u00bb.<\/p>\n<p>Quant au repr\u00e9sentant du ministre de la Communication, des m\u00e9dias et de la Francophonie, Guillaume Beda, il a \u00e9galement fait remarquer que l&rsquo;\u00e9ducation aux m\u00e9dias et \u00e0 la culture num\u00e9rique des populations est une \u00ab\u00a0urgence\u00a0\u00bb.\u00a0<\/p>\n<p>Dans ce contexte, le minist\u00e8re de la Communication, des m\u00e9dias et de la Francophonie \u00ab\u00a0entend d\u00e9marrer tr\u00e8s bient\u00f4t un programme national de d\u00e9veloppement des m\u00e9dias dont la phase 1 va commencer par une tourn\u00e9e de sensibilisation et d&rsquo;\u00e9ducation \u00e0 l&rsquo;usage des r\u00e9seaux sociaux\u00a0\u00bb \u00e0 l&rsquo;endroit des populations.<\/p>\n<p>Le directeur g\u00e9n\u00e9ral de l&rsquo;Institut polytechnique des sciences et techniques de la Communication \u00a0(ISTC Polytechnique), Dr Alfred Dan Moussa, a dans une conf\u00e9rence inaugurale sur le th\u00e8me du s\u00e9minaire \u00ab\u00a0m\u00e9dias num\u00e9riques et coh\u00e9sion sociale\u00a0\u00bb, a invit\u00e9 les acteurs des m\u00e9dias \u00e0 se lever les premiers pour \u00ab\u00a0\u00f4ter le costume du d\u00e9guisement aux esprits malins et d\u00e9voiler le faiseur de fausses nouvelles\u00a0\u00bb. \u00a0<\/p>\n<p>Le premier module de ce s\u00e9minaire consacr\u00e9 au cadre juridique des nouveaux m\u00e9dias et \u00e0 la responsabilit\u00e9 des m\u00e9dias num\u00e9riques a \u00e9t\u00e9 anim\u00e9 par le procureur de la R\u00e9publique Anet Richard.<\/p>\n<p>La communication identitaire et non violente a \u00e9t\u00e9 pr\u00e9sent\u00e9e par Dr Dj\u00e8 Salom\u00e9 de l&rsquo;ONG Terre d&rsquo;Union. Le module sur le Code de d\u00e9ontologie et la r\u00e9gulation des m\u00e9dias num\u00e9riques a \u00e9t\u00e9 pr\u00e9sent\u00e9 par Mme Sidonie Amoakon, Secr\u00e9taire g\u00e9n\u00e9rale de l&rsquo;Autorit\u00e9 nationale de la presse.<\/p>\n<p>La journ\u00e9e de samedi sera meubl\u00e9e par le quatri\u00e8me module intitul\u00e9, \u2018&rsquo;D\u00e9fis de la d\u00e9sinformation\u00a0\u00bb. Les participants auront \u00e9galement droit \u00e0 un regard crois\u00e9 du professionnel Alaf\u00e9 Wakili et de l&rsquo;universitaire Dr Karim Wally de l&rsquo;Universit\u00e9 F\u00e9lix Houphou\u00ebt Boigny.<\/p>\n<p>Les outils et m\u00e9canismes de v\u00e9rification des fake news, constitueront le cinqui\u00e8me module qui sera pr\u00e9sent\u00e9 par Mamady K\u00e9b\u00e9 de la plateforme de lutte contre les fake news, Ivoirecheck.com.<\/p>\n<p>\u00a0Le sixi\u00e8me module est consacr\u00e9 \u00e0 la Charte de bonne conduite des m\u00e9dias num\u00e9riques de C\u00f4te d&rsquo;Ivoire qui sera expliqu\u00e9e et comment\u00e9e par le pr\u00e9sident de l&rsquo;Observatoire de la libert\u00e9 de la presse, de l&rsquo;\u00e9thique et de la d\u00e9ontologie, Zio Moussa.<\/p>\n<p>L&rsquo;av\u00e8nement de l&rsquo;Internet et des nouveaux syst\u00e8mes d&rsquo;informations a engendr\u00e9 de profondes mutations dans le secteur des m\u00e9dias, donnant naissance \u00e0 plusieurs entreprises de presse en ligne en C\u00f4te d&rsquo;Ivoire.<\/p>\n<p>Aujourd&rsquo;hui, les r\u00e9seaux sociaux, bien qu&rsquo;\u00e9tant utiles sont devenus des supports pour certains individus pour v\u00e9hiculer de fausses nouvelles (fake news) qui mettent en mal tr\u00e8s souvent la coh\u00e9sion sociale.<\/p>\n<p>Cet article <a rel=\"nofollow\" href=\"https:\/\/www.journalducameroun.com\/fake-news-les-medias-numeriques-ivoiriens-en-reflexion-sur-une-charte\/\">Fake news: les m\u00e9dias num\u00e9riques ivoiriens en r\u00e9flexion sur une Charte<\/a> est apparu en premier sur <a rel=\"nofollow\" href=\"https:\/\/www.journalducameroun.com\/\">Journal du Cameroun<\/a>.<\/p>\n<\/div>\n<p>Auteur: APA News<br \/>\n<a href=\"https:\/\/www.journalducameroun.com\/fake-news-les-medias-numeriques-ivoiriens-en-reflexion-sur-une-charte\/\">Cliquez ici pour lire l&rsquo;article depuis sa source.<\/a><\/p>\n","protected":false},"excerpt":{"rendered":"<p>Le R\u00e9seaux des professionnels de la presse en ligne (Repprelci), la fa\u00eeti\u00e8re des m\u00e9dias num\u00e9riques ivoiriens, engag\u00e9 dans la lutte contre les fake news, r\u00e9fl\u00e9chit avec ses partenaires sur une Charte de bonne conduite sur les r\u00e9seaux sociaux. Avec l&rsquo;appui financier du Fonds des Nations Unies pour la consolidation de la paix (FCB) \u00e0 travers [&hellip;]<\/p>\n","protected":false},"author":1965,"featured_media":0,"comment_status":"closed","ping_status":"closed","sticky":false,"template":"","format":"standard","meta":{"fifu_image_url":"https:\/\/www.journalducameroun.com\/wp-content\/uploads\/2021\/07\/16258798814741.jpg","fifu_image_alt":"Fake news: les m\u00e9dias num\u00e9riques ivoiriens en r\u00e9flexion sur une Charte","footnotes":""},"categories":[73,82],"tags":[],"class_list":["post-121035","post","type-post","status-publish","format-standard","hentry","category-actualite","category-cameroun"],"_links":{"self":[{"href":"https:\/\/linitiative.ca\/International\/wp-json\/wp\/v2\/posts\/121035","targetHints":{"allow":["GET"]}}],"collection":[{"href":"https:\/\/linitiative.ca\/International\/wp-json\/wp\/v2\/posts"}],"about":[{"href":"https:\/\/linitiative.ca\/International\/wp-json\/wp\/v2\/types\/post"}],"author":[{"embeddable":true,"href":"https:\/\/linitiative.ca\/International\/wp-json\/wp\/v2\/users\/1965"}],"replies":[{"embeddable":true,"href":"https:\/\/linitiative.ca\/International\/wp-json\/wp\/v2\/comments?post=121035"}],"version-history":[{"count":0,"href":"https:\/\/linitiative.ca\/International\/wp-json\/wp\/v2\/posts\/121035\/revisions"}],"wp:attachment":[{"href":"https:\/\/linitiative.ca\/International\/wp-json\/wp\/v2\/media?parent=121035"}],"wp:term":[{"taxonomy":"category","embeddable":true,"href":"https:\/\/linitiative.ca\/International\/wp-json\/wp\/v2\/categories?post=121035"},{"taxonomy":"post_tag","embeddable":true,"href":"https:\/\/linitiative.ca\/International\/wp-json\/wp\/v2\/tags?post=121035"}],"curies":[{"name":"wp","href":"https:\/\/api.w.org\/{rel}","templated":true}]}}