{"id":121037,"date":"2021-07-10T07:18:01","date_gmt":"2021-07-10T11:18:01","guid":{"rendered":"https:\/\/linitiative.ca\/International\/la-covid-19-omnipresente-dans-la-presse-senegalaise\/"},"modified":"2021-07-10T07:18:01","modified_gmt":"2021-07-10T11:18:01","slug":"la-covid-19-omnipresente-dans-la-presse-senegalaise","status":"publish","type":"post","link":"https:\/\/linitiative.ca\/International\/la-covid-19-omnipresente-dans-la-presse-senegalaise\/","title":{"rendered":"La Covid-19 omnipr\u00e9sente dans la presse s\u00e9n\u00e9galaise"},"content":{"rendered":"<div>\n<p><img loading=\"lazy\" decoding=\"async\" width=\"250\" height=\"200\" src=\"https:\/\/linitiative.ca\/International\/wp-content\/uploads\/sites\/23\/2021\/07\/16259158826718.jpg\" class=\"attachment-post-thumbnail size-post-thumbnail wp-post-image\" alt=\"\"><\/p>\n<p>Les journaux s\u00e9n\u00e9galais, parvenus samedi \u00e0 APA, traitent essentiellement de l&rsquo;actualit\u00e9 li\u00e9e \u00e0 la pand\u00e9mie.L&rsquo;AS rapporte que maintenant \u00ab le nombre de cas enregistr\u00e9s quotidiennement d\u00e9passe les 400 \u00bb. Dans ce journal, Al Hassan Sall, le Gouverneur de Dakar, souligne que ces trois derniers jours \u00ab 90 % des infections du pays sont recens\u00e9s \u00bb dans la capitale.<\/p>\n<p>Sous le titre \u00ab Invariable \u00bb, Le Quotidien indique que \u00ab la progression \u00bb du virus au S\u00e9n\u00e9gal reste constante. Poursuivant, ce journal fait savoir que ce pays a v\u00e9cu hier un \u00ab vendredi noir \u00bb car le record de contaminations (402), \u00e9tabli en f\u00e9vrier 2021, a \u00e9t\u00e9 battu ce jour-l\u00e0 avec un cumul de 476 nouveaux malades.<\/p>\n<p>Cela fait dire aux Echos que \u00ab la troisi\u00e8me vague est bel et bien l\u00e0 \u00bb. Face au risque d\u00e9cupl\u00e9 par les pr\u00e9paratifs de la f\u00eate du sacrifice (Aid el k\u00e9bir) avec les mouvements de populations de Dakar vers l&rsquo;int\u00e9rieur du pays, Al Hassan Sall a insist\u00e9 sur \u00ab le retour des gestes barri\u00e8res \u00bb mais aussi la vaccination.<\/p>\n<p>Dans Wa Grand Place, l&rsquo;opposant Thierno Bocoum a affirm\u00e9 que \u00ab ceux qui nous dirigent aujourd&rsquo;hui sont disqualifi\u00e9s pour parler de protection contre (le nouveau coronavirus) au risque de braquer les populations \u00bb.<\/p>\n<p>En tout cas, selon L&rsquo;observateur, \u00ab les signes du chaos \u00bb sont d\u00e9j\u00e0 visibles. Ce quotidien pr\u00e9cise que \u00ab le variant Delta, souche plus contagieuse, ne circule qu&rsquo;\u00e0 Dakar \u00bb. Dans les colonnes de L&rsquo;Observateur, Cheikh Mouhamadou Mback\u00e9 L\u00f4, expert en Sant\u00e9 publique, soutient que l&rsquo;\u00c9tat doit \u00ab aller n\u00e9cessairement vers l&rsquo;interdiction des rassemblements \u00bb, non sans ajouter que l&rsquo;application de mesures restrictives comme \u00ab le couvre-feu \u00bb n&rsquo;est plus possible.<\/p>\n<p>De son c\u00f4t\u00e9, Vox Populi fait remarquer une \u00e9claircie dans la grisaille avec \u00ab le lancement officiel, hier, du projet de construction d&rsquo;une usine de vaccins anti-Covid \u00e0 l&rsquo;Institut Pasteur (de Dakar) \u00bb.<\/p>\n<p>EnQu\u00eate renseigne que \u00ab le S\u00e9n\u00e9gal d\u00e9marre la production en juin 2022 \u00bb avec un financement de \u00ab 16,75 millions d&rsquo;euros \u00bb.<\/p>\n<p>Le Soleil liste, quant \u00e0 lui, les partenaires du gouvernement dans ce projet d&rsquo;envergure : \u00ab Le minist\u00e8re allemand de la Coop\u00e9ration et du D\u00e9veloppement \u00e9conomique, \u00e0 travers la Banque allemande de D\u00e9veloppement, a accord\u00e9 une subvention de 20 millions d&rsquo;euros. La France, par le biais de l&rsquo;Agence fran\u00e7aise de D\u00e9veloppement (AFD), a d\u00e9gag\u00e9 une enveloppe de 1,8 million d&rsquo;euros. La Belgique, l&rsquo;autre partenaire, sera dans le transfert de technologies \u00bb.<\/p>\n<p>Enfin, relativement \u00e0 la p\u00e9nurie actuelle de vaccins au S\u00e9n\u00e9gal, le ministre de l&rsquo;\u00c9conomie, du Plan et de la Coop\u00e9ration, Amadou Hott, a annonc\u00e9, dans le quotidien national, \u00ab l&rsquo;arriv\u00e9e de 300.000 doses tr\u00e8s prochainement \u00bb. Ce dernier signale \u00e9galement une commande de \u00ab 5,3 millions de doses du vaccin Johnson et Johnson \u00bb.<\/p>\n<p>Cet article <a rel=\"nofollow\" href=\"https:\/\/www.journalducameroun.com\/la-covid-19-omnipresente-dans-la-presse-senegalaise-2\/\">La Covid-19 omnipr\u00e9sente dans la presse s\u00e9n\u00e9galaise<\/a> est apparu en premier sur <a rel=\"nofollow\" href=\"https:\/\/www.journalducameroun.com\/\">Journal du Cameroun<\/a>.<\/p>\n<\/div>\n<p>Auteur: APA News<br \/>\n<a href=\"https:\/\/www.journalducameroun.com\/la-covid-19-omnipresente-dans-la-presse-senegalaise-2\/\">Cliquez ici pour lire l&rsquo;article depuis sa source.<\/a><\/p>\n","protected":false},"excerpt":{"rendered":"<p>Les journaux s\u00e9n\u00e9galais, parvenus samedi \u00e0 APA, traitent essentiellement de l&rsquo;actualit\u00e9 li\u00e9e \u00e0 la pand\u00e9mie.L&rsquo;AS rapporte que maintenant \u00ab le nombre de cas enregistr\u00e9s quotidiennement d\u00e9passe les 400 \u00bb. Dans ce journal, Al Hassan Sall, le Gouverneur de Dakar, souligne que ces trois derniers jours \u00ab 90 % des infections du pays sont recens\u00e9s \u00bb [&hellip;]<\/p>\n","protected":false},"author":1965,"featured_media":0,"comment_status":"closed","ping_status":"closed","sticky":false,"template":"","format":"standard","meta":{"fifu_image_url":"https:\/\/www.journalducameroun.com\/wp-content\/uploads\/2021\/07\/16259158826718.jpg","fifu_image_alt":"La Covid-19 omnipr\u00e9sente dans la presse s\u00e9n\u00e9galaise","footnotes":""},"categories":[73,82],"tags":[],"class_list":["post-121037","post","type-post","status-publish","format-standard","hentry","category-actualite","category-cameroun"],"_links":{"self":[{"href":"https:\/\/linitiative.ca\/International\/wp-json\/wp\/v2\/posts\/121037","targetHints":{"allow":["GET"]}}],"collection":[{"href":"https:\/\/linitiative.ca\/International\/wp-json\/wp\/v2\/posts"}],"about":[{"href":"https:\/\/linitiative.ca\/International\/wp-json\/wp\/v2\/types\/post"}],"author":[{"embeddable":true,"href":"https:\/\/linitiative.ca\/International\/wp-json\/wp\/v2\/users\/1965"}],"replies":[{"embeddable":true,"href":"https:\/\/linitiative.ca\/International\/wp-json\/wp\/v2\/comments?post=121037"}],"version-history":[{"count":0,"href":"https:\/\/linitiative.ca\/International\/wp-json\/wp\/v2\/posts\/121037\/revisions"}],"wp:attachment":[{"href":"https:\/\/linitiative.ca\/International\/wp-json\/wp\/v2\/media?parent=121037"}],"wp:term":[{"taxonomy":"category","embeddable":true,"href":"https:\/\/linitiative.ca\/International\/wp-json\/wp\/v2\/categories?post=121037"},{"taxonomy":"post_tag","embeddable":true,"href":"https:\/\/linitiative.ca\/International\/wp-json\/wp\/v2\/tags?post=121037"}],"curies":[{"name":"wp","href":"https:\/\/api.w.org\/{rel}","templated":true}]}}