{"id":121041,"date":"2021-07-10T16:18:00","date_gmt":"2021-07-10T20:18:00","guid":{"rendered":"https:\/\/linitiative.ca\/International\/cameroun-le-ministre-des-sports-exige-la-suspension-du-processus-electoral-a-la-fecafoot\/"},"modified":"2021-07-10T16:18:00","modified_gmt":"2021-07-10T20:18:00","slug":"cameroun-le-ministre-des-sports-exige-la-suspension-du-processus-electoral-a-la-fecafoot","status":"publish","type":"post","link":"https:\/\/linitiative.ca\/International\/cameroun-le-ministre-des-sports-exige-la-suspension-du-processus-electoral-a-la-fecafoot\/","title":{"rendered":"Cameroun : le ministre des Sports exige la suspension du processus \u00e9lectoral \u00e0 la F\u00e9cafoot"},"content":{"rendered":"<div>\n<p><img loading=\"lazy\" decoding=\"async\" width=\"519\" height=\"350\" src=\"https:\/\/linitiative.ca\/International\/wp-content\/uploads\/sites\/23\/2021\/07\/Le-ministre-Mouelle-Kombi-et-Mbombo-Njoya-le-prC3A9sident-de-la-FC3A9cafoot.jpg\" class=\"attachment-post-thumbnail size-post-thumbnail wp-post-image\" alt=\"\" srcset=\"https:\/\/linitiative.ca\/International\/wp-content\/uploads\/sites\/23\/2021\/07\/Le-ministre-Mouelle-Kombi-et-Mbombo-Njoya-le-prC3A9sident-de-la-FC3A9cafoot.jpg 519w, https:\/\/www.journalducameroun.com\/wp-content\/uploads\/2020\/09\/Le-ministre-Mouelle-Kombi-et-Mbombo-Njoya-le-pr\u00e9sident-de-la-F\u00e9cafoot-300x202.jpg 300w\" sizes=\"auto, (max-width: 519px) 100vw, 519px\"><\/p>\n<h5 style=\"text-align: justify;\">Refusant de d\u00e9signer des commissaires du gouvernement \u00e0 l&rsquo;Assembl\u00e9e g\u00e9n\u00e9rale de validation des nouveaux textes de la F\u00e9d\u00e9ration camerounaise de football projet\u00e9e le 13 juillet 2021, le Prof Narcisse Mouelle Kombi justifie sa d\u00e9cision par de nombreuses entorses \u00e0 la loi et des vices de proc\u00e9dures.<\/h5>\n<p style=\"text-align: justify;\">Pour le ministre des Sports et de l&rsquo;\u00e9ducation physique (Minsep), les conditions pour la tenue d&rsquo;une \u00e9lection apais\u00e9e ne sont pas r\u00e9unies \u00e0 la F\u00e9d\u00e9ration camerounaise de football. Le patron des sports rel\u00e8ve plusieurs incongruit\u00e9s dans le processus d&rsquo;organisation desdites \u00e9lections.<\/p>\n<p style=\"text-align: justify;\">Narcisse Mouelle Kombi qui dit n&rsquo;avoir pas \u00e9t\u00e9 mis au fait des statuts r\u00e9cemment valid\u00e9s par la FIFa, motive notamment son\u00a0 opposition par la sentence du Tribunal arbitral du sport (TAS) qui, le 15 janvier 2021, a annul\u00e9 l&rsquo;\u00e9lection du Comit\u00e9 ex\u00e9cutif en place \u00e0 la F\u00e9d\u00e9ration, et la d\u00e9cision du\u00a0Comit\u00e9 national olympique et sportif (CCA-CNOSC) qui d\u00e9sapprouve le renouvellement d&rsquo;une nouvelle assembl\u00e9e g\u00e9n\u00e9rale en lieu et place de celle de 2009.<\/p>\n<p style=\"text-align: justify;\">Le ministre des Sports fait trois constats majeurs dans le lancement du processus \u00e9lectoral qui a d\u00e9but\u00e9 en juin dernier par la d\u00e9signation des d\u00e9l\u00e9gu\u00e9s des Ligues d\u00e9partementales. Dans sa correspondance transmise le 8 juillet\u00a0 au pr\u00e9sident par int\u00e9rim de la f\u00e9d\u00e9ration Se\u00efdou Mbombo Njoya, le membre du gouvernement d\u00e9plore :<\/p>\n<p style=\"text-align: justify;\">&#8211; Le non-reupect des dspositions de la loi en vigeur au Cameroun<\/p>\n<p style=\"text-align: justify;\">&#8211; Le non respect de l&rsquo;esprit de la lettre des sentences rendues par le Tribunal arbitral du sport (TAS) et la Chambre de conciliation et d&rsquo;arbitrage du Comit\u00e9 national olympique (CCA-CNOSC), induisant l&rsquo;il\u00e9gitimit\u00e9 des personnes covoqu\u00e9es \u00e0 l&rsquo;Assembl\u00e9e g\u00e9n\u00e9rale du 13 juillet 2021<\/p>\n<p style=\"text-align: justify;\">&#8211; Le non-respect de ses propres textes par la FECAFOOT.<\/p>\n<p style=\"text-align: justify;\">\u00a0Le Minsep estime ainsi que : \u00ab <em>dans ce contexte critique et d&rsquo;incertitude juridique, il n&rsquo;est pas possible \u00e0 l&rsquo;adminiatration de tutelle d&rsquo;avaliser ou de soutenir l&rsquo;iinitatve du processus \u00e9lectoral dans les conditions probl\u00e9matiques o\u00fc elle est envisag\u00e9e en d\u00e9signant deux commisaires du Gouvernement.\u00bb<\/em><\/p>\n<p style=\"text-align: justify;\">Il ajoute : \u00ab <em>en rappelant par ailleurs avec emphase que l&rsquo;annulation de l&rsquo; enti\u00e8ret\u00e9 du processus \u00e9lectoral de d\u00e9cembre 2018 par ia sentance du TAS du 15 janvier 2021, oblige au retour au statu quoi ante, c&rsquo;est \u00e0 dire une reprise du processus ace. L&rsquo;adoption des statuts par les m\u00eames instances ( AGE 2009 ) et en conformit\u00e9 avec les statuts de 2012.\u00a0Je vous demande de vouloir bien surseoir \u00e0 la tenue de l&rsquo;Assembl\u00e9e G\u00e9n\u00e9rale Extraordinaire envisag\u00e9e le 13 juillet 2021, ainsi qu&rsquo;\u00e0 la poursuite du processus \u00e9lecoral en cours, dans l&rsquo;attente des Hautes Directives solicit\u00e9es \u00e0 ce sujet.<\/em>\u00bb<\/p>\n<p style=\"text-align: justify;\">Cette invite de la tutelle devrait stopper l&rsquo;ensemble des marches engag\u00e9es du c\u00f4t\u00e9 du quartier Tsinga \u00e0 Yaound\u00e9.<\/p>\n<p>Cet article <a rel=\"nofollow\" href=\"https:\/\/www.journalducameroun.com\/cameroun-le-ministre-des-sports-exige-la-suspension-du-processus-electoral-a-la-fecafoot-cameroun\/\">Cameroun : le ministre des Sports exige la suspension du processus \u00e9lectoral \u00e0 la F\u00e9cafoot<\/a> est apparu en premier sur <a rel=\"nofollow\" href=\"https:\/\/www.journalducameroun.com\/\">Journal du Cameroun<\/a>.<\/p>\n<\/div>\n<p>Auteur: Christian DJIMADEU<br \/>\n<a href=\"https:\/\/www.journalducameroun.com\/cameroun-le-ministre-des-sports-exige-la-suspension-du-processus-electoral-a-la-fecafoot-cameroun\/\">Cliquez ici pour lire l&rsquo;article depuis sa source.<\/a><\/p>\n","protected":false},"excerpt":{"rendered":"<p>Refusant de d\u00e9signer des commissaires du gouvernement \u00e0 l&rsquo;Assembl\u00e9e g\u00e9n\u00e9rale de validation des nouveaux textes de la F\u00e9d\u00e9ration camerounaise de football projet\u00e9e le 13 juillet 2021, le Prof Narcisse Mouelle Kombi justifie sa d\u00e9cision par de nombreuses entorses \u00e0 la loi et des vices de proc\u00e9dures. Pour le ministre des Sports et de l&rsquo;\u00e9ducation physique [&hellip;]<\/p>\n","protected":false},"author":1965,"featured_media":0,"comment_status":"closed","ping_status":"closed","sticky":false,"template":"","format":"standard","meta":{"fifu_image_url":"https:\/\/www.journalducameroun.com\/wp-content\/uploads\/2020\/09\/Le-ministre-Mouelle-Kombi-et-Mbombo-Njoya-le-pr\u00e9sident-de-la-F\u00e9cafoot.jpg","fifu_image_alt":"Cameroun : le ministre des Sports exige la suspension du processus \u00e9lectoral \u00e0 la F\u00e9cafoot","footnotes":""},"categories":[73,82],"tags":[],"class_list":["post-121041","post","type-post","status-publish","format-standard","hentry","category-actualite","category-cameroun"],"_links":{"self":[{"href":"https:\/\/linitiative.ca\/International\/wp-json\/wp\/v2\/posts\/121041","targetHints":{"allow":["GET"]}}],"collection":[{"href":"https:\/\/linitiative.ca\/International\/wp-json\/wp\/v2\/posts"}],"about":[{"href":"https:\/\/linitiative.ca\/International\/wp-json\/wp\/v2\/types\/post"}],"author":[{"embeddable":true,"href":"https:\/\/linitiative.ca\/International\/wp-json\/wp\/v2\/users\/1965"}],"replies":[{"embeddable":true,"href":"https:\/\/linitiative.ca\/International\/wp-json\/wp\/v2\/comments?post=121041"}],"version-history":[{"count":0,"href":"https:\/\/linitiative.ca\/International\/wp-json\/wp\/v2\/posts\/121041\/revisions"}],"wp:attachment":[{"href":"https:\/\/linitiative.ca\/International\/wp-json\/wp\/v2\/media?parent=121041"}],"wp:term":[{"taxonomy":"category","embeddable":true,"href":"https:\/\/linitiative.ca\/International\/wp-json\/wp\/v2\/categories?post=121041"},{"taxonomy":"post_tag","embeddable":true,"href":"https:\/\/linitiative.ca\/International\/wp-json\/wp\/v2\/tags?post=121041"}],"curies":[{"name":"wp","href":"https:\/\/api.w.org\/{rel}","templated":true}]}}