{"id":121044,"date":"2021-07-10T07:59:34","date_gmt":"2021-07-10T11:59:34","guid":{"rendered":"https:\/\/linitiative.ca\/International\/performances-le-port-de-kribi-realise-un-resultat-net-de-39-milliards-en-2020\/"},"modified":"2021-07-10T07:59:34","modified_gmt":"2021-07-10T11:59:34","slug":"performances-le-port-de-kribi-realise-un-resultat-net-de-39-milliards-en-2020","status":"publish","type":"post","link":"https:\/\/linitiative.ca\/International\/performances-le-port-de-kribi-realise-un-resultat-net-de-39-milliards-en-2020\/","title":{"rendered":"Performances : le port de Kribi r\u00e9alise un r\u00e9sultat net de 3,9 milliards en 2020"},"content":{"rendered":"<div>\n<p>L\u2019assembl\u00e9e g\u00e9n\u00e9rale du Port Autonome de Kribi (PAK), s\u2019est r\u00e9unie 9 juillet 2021 session ce 09 juillet 2021 \u00e0 la repr\u00e9sentation du port Autonome de Kribi \u00e0 Yaound\u00e9, pour tenir les travaux de sa 7<sup>e<\/sup>\u00a0session. C\u2019\u00e9tait sous la pr\u00e9sidence Edoa Gilbert Didier, pr\u00e9sident dudit conseil. Au cours des travaux, l\u2019assembl\u00e9e a examin\u00e9 et adopt\u00e9 le rapport social de l\u2019exercice 2020, ainsi que le rapport de gestion\u00a0; l\u2019inventaire\u00a0; et le rapport du commissaire aux comptes.<\/p>\n<p><strong>Lire aussi<\/strong> : <strong><a href=\"https:\/\/ecomatin.net\/les-travaux-dextension-de-la-phase-ii-du-port-de-kribi-sont-realises-a-24\/\">Les travaux d\u2019extension de la phase II du Port de Kribi sont r\u00e9alis\u00e9s \u00e0 24%<\/a><\/strong><\/p>\n<p>Il ressort des travaux de l\u2019office qu\u2019au cours de l\u2019ann\u00e9e \u00e9coul\u00e9e, avec un total bilan de 117 milliards de F, le port \u00a0de Kribi a enregistr\u00e9 un r\u00e9sultat net de 3,933 milliards de F, contre 743,749 millions de Fcfa en 2019. Soit une hausse de 3,189 milliards soit pr\u00e8s de 428%. \u00a0Le total produit \u00a0du PAK s\u2019\u00e9l\u00e8ve \u00e0 22,3 milliards de F avec un r\u00e9sultat avant import de 4,8 milliards de F. Ces performances ont \u00e9t\u00e9 r\u00e9alis\u00e9es malgr\u00e9 le contexte actuel marqu\u00e9 par la convid-19. \u00abL\u2019Assembl\u00e9e G\u00e9n\u00e9rale a f\u00e9licit\u00e9 le Conseil d\u2019Administration (\u2026) ainsi que pour la bonnes performances r\u00e9alis\u00e9es au cours de l\u2019exercice 2020, en d\u00e9pit du contexte sanitaire\u00a0\u00bb, peut-on lire du communiqu\u00e9\u00a0 de l\u2019Assembl\u00e9e g\u00e9n\u00e9rale donc nous avons eu copie.<\/p>\n<p><strong>Lire aussi<\/strong> : <strong><a href=\"https:\/\/ecomatin.net\/port-de-kribi-32-milliards-de-fcfa-pour-recycler-les-dechets-petroliers\/\">Port de Kribi : 3,2 milliards de Fcfa pour recycler les d\u00e9chets p\u00e9troliers<\/a><\/strong><\/p>\n<p>Notons que depuis le lancement de ses activit\u00e9s commerciales le 2 mars 2018, le Port Autonome de Kribi (PAK) r\u00e9alise des performances assez prometteuses au fil des ann\u00e9es, et se positionne comme un des piliers de l\u2019acc\u00e9l\u00e9ration de l\u2019\u00e9conomie nationale. La derni\u00e8re parution du \u00ab Kribi Port magazine \u00bb qui fait une \u00e9conomie des activit\u00e9s de cette plate-forme portuaire, r\u00e9v\u00e8le qu\u2019entre janvier et d\u00e9cembre 2020, le port a g\u00e9n\u00e9r\u00e9 des recettes douani\u00e8res de 76,8 milliards de F, revers\u00e9es au tr\u00e9sor public. Un r\u00e9sultat nettement en hausse de l\u2019ordre de 21,8%, en comparaison aux recettes de l\u2019exercice pr\u00e9c\u00e9dent qui s\u2019\u00e9levaient \u00e0 60 milliards.<\/p>\n<p><strong>Lire aussi<\/strong> : <strong><a href=\"https:\/\/ecomatin.net\/le-port-de-kribi-recherche-de-400-milliards-de-fcfa-pour-son-extension\/\">Le Port de Kribi recherche de 400 milliards de FCFA pour son extension<\/a><\/strong><\/p>\n<p>L\u2019article <a rel=\"nofollow\" href=\"https:\/\/ecomatin.net\/performances-le-port-de-kribi-realise-un-resultat-net-de-39-milliards-en-2020\/\">Performances : le port de Kribi r\u00e9alise un r\u00e9sultat net de 3,9 milliards en 2020<\/a> est apparu en premier sur <a rel=\"nofollow\" href=\"https:\/\/ecomatin.net\/\">EcoMatin<\/a>.<\/p>\n<\/div>\n<p>Auteur: Amina MALLOUM<br \/>\n<a href=\"https:\/\/ecomatin.net\/performances-le-port-de-kribi-realise-un-resultat-net-de-39-milliards-en-2020\/\">Cliquez ici pour lire l&rsquo;article depuis sa source.<\/a><\/p>\n","protected":false},"excerpt":{"rendered":"<p>L\u2019assembl\u00e9e g\u00e9n\u00e9rale du Port Autonome de Kribi (PAK), s\u2019est r\u00e9unie 9 juillet 2021 session ce 09 juillet 2021 \u00e0 la repr\u00e9sentation du port Autonome de Kribi \u00e0 Yaound\u00e9, pour tenir les travaux de sa 7e\u00a0session. C\u2019\u00e9tait sous la pr\u00e9sidence Edoa Gilbert Didier, pr\u00e9sident dudit conseil. Au cours des travaux, l\u2019assembl\u00e9e a examin\u00e9 et adopt\u00e9 le [&hellip;]<\/p>\n","protected":false},"author":1969,"featured_media":0,"comment_status":"closed","ping_status":"closed","sticky":false,"template":"","format":"standard","meta":{"fifu_image_url":"","fifu_image_alt":"","footnotes":""},"categories":[82,78],"tags":[],"class_list":["post-121044","post","type-post","status-publish","format-standard","hentry","category-cameroun","category-economie"],"_links":{"self":[{"href":"https:\/\/linitiative.ca\/International\/wp-json\/wp\/v2\/posts\/121044","targetHints":{"allow":["GET"]}}],"collection":[{"href":"https:\/\/linitiative.ca\/International\/wp-json\/wp\/v2\/posts"}],"about":[{"href":"https:\/\/linitiative.ca\/International\/wp-json\/wp\/v2\/types\/post"}],"author":[{"embeddable":true,"href":"https:\/\/linitiative.ca\/International\/wp-json\/wp\/v2\/users\/1969"}],"replies":[{"embeddable":true,"href":"https:\/\/linitiative.ca\/International\/wp-json\/wp\/v2\/comments?post=121044"}],"version-history":[{"count":0,"href":"https:\/\/linitiative.ca\/International\/wp-json\/wp\/v2\/posts\/121044\/revisions"}],"wp:attachment":[{"href":"https:\/\/linitiative.ca\/International\/wp-json\/wp\/v2\/media?parent=121044"}],"wp:term":[{"taxonomy":"category","embeddable":true,"href":"https:\/\/linitiative.ca\/International\/wp-json\/wp\/v2\/categories?post=121044"},{"taxonomy":"post_tag","embeddable":true,"href":"https:\/\/linitiative.ca\/International\/wp-json\/wp\/v2\/tags?post=121044"}],"curies":[{"name":"wp","href":"https:\/\/api.w.org\/{rel}","templated":true}]}}