{"id":121045,"date":"2021-07-10T08:03:00","date_gmt":"2021-07-10T12:03:00","guid":{"rendered":"https:\/\/linitiative.ca\/International\/electricite-de-france-lance-edf-pulse-africa\/"},"modified":"2021-07-10T08:03:00","modified_gmt":"2021-07-10T12:03:00","slug":"electricite-de-france-lance-edf-pulse-africa","status":"publish","type":"post","link":"https:\/\/linitiative.ca\/International\/electricite-de-france-lance-edf-pulse-africa\/","title":{"rendered":"Electricit\u00e9 de France lance \u00ab EDF Pulse Africa \u00bb"},"content":{"rendered":"<div>\n<p>Depuis le 24 juin et pendant plus d\u2019un mois, les start-ups et PME de moins de 50 salari\u00e9s sont invit\u00e9es \u00e0 prendre part au programme d\u2019\u00c9lectricit\u00e9 de France (EDF), EDF Pulse Africa. Le programme est destin\u00e9 aux entreprises o\u00f9 le groupe est pr\u00e9sent entre autres pays le Cameroun. L\u2019objectif d\u2019\u00c9lectricit\u00e9 de France, est de relever et soutenir les PME africaines dans le d\u00e9veloppement des produits, solutions et services, visant \u00e0 accompagner le d\u00e9veloppement \u00e9nerg\u00e9tique du Continent.<\/p>\n<p><strong>Lire aussi<\/strong> : <strong><a href=\"https:\/\/ecomatin.net\/sergio-pimenta-en-visite-dinspection-au-cameroun\/\">Sergio Pimenta en visite d\u2019inspection au Cameroun<\/a><\/strong><\/p>\n<p>Le projet est divis\u00e9 en trois cat\u00e9gories\u00a0: production \u00e9lectrique hors-r\u00e9seau, usage ou services d\u2019\u00e9lectricit\u00e9 et acc\u00e8s \u00e0 l\u2019eau gr\u00e2ce \u00e0 l\u2019\u00e9lectricit\u00e9. La 4eme \u00e9dition de cette initiative vient avec de nombreuses innovations. Outre les dotations pour le d\u00e9veloppement de projet allant de 5000 \u00e0 15\u00a0000 euros soit entre 3,2 millions de F et 9,8 millions de F. les PME retenues, b\u00e9n\u00e9ficieront d\u2019acc\u00e8s \u00e0 un nouveau programme d\u2019acc\u00e9l\u00e9ration de leur activit\u00e9 \u00abEDF Pulse Africa Factory\u00a0\u00bb, regroupant des partenaires engag\u00e9s, investisseurs publics et priv\u00e9s, mentors et experts. Ce plan d\u2019accompagnement complet permettra aux start-ups d\u2019acc\u00e9l\u00e9rer le d\u00e9veloppement de leurs solutions sur une ann\u00e9e.<\/p>\n<p><strong>Lire aussi<\/strong> : <strong><a href=\"https:\/\/ecomatin.net\/cooperation-le-vice-president-de-la-societe-financiere-internationale-pour-le-moyen-orient-et-lafrique-est-au-cameroun\/\">Coop\u00e9ration : le Vice-pr\u00e9sident de la Soci\u00e9t\u00e9 financi\u00e8re internationale pour le Moyen-Orient et l\u2019Afrique est au Cameroun<\/a><\/strong><\/p>\n<p>La 3eme \u00e9dition, a attir\u00e9 536 projets de 26 pays d\u2019Afrique, contre 434 l\u2019\u00e9dition de 24 pays\u00a0 l\u2019\u00e9dition pr\u00e9c\u00e9dente soit une augmentation de 24%. Rappelons que l\u2019ing\u00e9nieur Camerounais Triomphant Tchulang \u00e0 d\u00e9crocher le prix \u00ab\u00a0Coup de C\u0153ur\u00a0\u00bb. Ce, gr\u00e2ce \u00e0 sa start-up clean Energy Services, qui commercialise des solutions de production d\u2019\u00e9lectricit\u00e9 destin\u00e9es \u00e0 alimenter au solaire des cong\u00e9lateurs et r\u00e9frig\u00e9rateurs sur des sites isol\u00e9es.<\/p>\n<p>L\u2019article <a rel=\"nofollow\" href=\"https:\/\/ecomatin.net\/electricite-de-france-lance-edf-pulse-africa\/\">Electricit\u00e9 de France lance \u00ab EDF Pulse Africa \u00bb<\/a> est apparu en premier sur <a rel=\"nofollow\" href=\"https:\/\/ecomatin.net\/\">EcoMatin<\/a>.<\/p>\n<\/div>\n<p>Auteur: Amina MALLOUM<br \/>\n<a href=\"https:\/\/ecomatin.net\/electricite-de-france-lance-edf-pulse-africa\/\">Cliquez ici pour lire l&rsquo;article depuis sa source.<\/a><\/p>\n","protected":false},"excerpt":{"rendered":"<p>Depuis le 24 juin et pendant plus d\u2019un mois, les start-ups et PME de moins de 50 salari\u00e9s sont invit\u00e9es \u00e0 prendre part au programme d\u2019\u00c9lectricit\u00e9 de France (EDF), EDF Pulse Africa. Le programme est destin\u00e9 aux entreprises o\u00f9 le groupe est pr\u00e9sent entre autres pays le Cameroun. L\u2019objectif d\u2019\u00c9lectricit\u00e9 de France, est de relever [&hellip;]<\/p>\n","protected":false},"author":1969,"featured_media":0,"comment_status":"closed","ping_status":"closed","sticky":false,"template":"","format":"standard","meta":{"fifu_image_url":"","fifu_image_alt":"","footnotes":""},"categories":[82,78],"tags":[],"class_list":["post-121045","post","type-post","status-publish","format-standard","hentry","category-cameroun","category-economie"],"_links":{"self":[{"href":"https:\/\/linitiative.ca\/International\/wp-json\/wp\/v2\/posts\/121045","targetHints":{"allow":["GET"]}}],"collection":[{"href":"https:\/\/linitiative.ca\/International\/wp-json\/wp\/v2\/posts"}],"about":[{"href":"https:\/\/linitiative.ca\/International\/wp-json\/wp\/v2\/types\/post"}],"author":[{"embeddable":true,"href":"https:\/\/linitiative.ca\/International\/wp-json\/wp\/v2\/users\/1969"}],"replies":[{"embeddable":true,"href":"https:\/\/linitiative.ca\/International\/wp-json\/wp\/v2\/comments?post=121045"}],"version-history":[{"count":0,"href":"https:\/\/linitiative.ca\/International\/wp-json\/wp\/v2\/posts\/121045\/revisions"}],"wp:attachment":[{"href":"https:\/\/linitiative.ca\/International\/wp-json\/wp\/v2\/media?parent=121045"}],"wp:term":[{"taxonomy":"category","embeddable":true,"href":"https:\/\/linitiative.ca\/International\/wp-json\/wp\/v2\/categories?post=121045"},{"taxonomy":"post_tag","embeddable":true,"href":"https:\/\/linitiative.ca\/International\/wp-json\/wp\/v2\/tags?post=121045"}],"curies":[{"name":"wp","href":"https:\/\/api.w.org\/{rel}","templated":true}]}}