{"id":121046,"date":"2021-07-10T10:19:21","date_gmt":"2021-07-10T14:19:21","guid":{"rendered":"https:\/\/linitiative.ca\/International\/cour-supreme-lhonorabilite-de-gervais-mendo-ze-retablie\/"},"modified":"2021-07-10T10:19:21","modified_gmt":"2021-07-10T14:19:21","slug":"cour-supreme-lhonorabilite-de-gervais-mendo-ze-retablie","status":"publish","type":"post","link":"https:\/\/linitiative.ca\/International\/cour-supreme-lhonorabilite-de-gervais-mendo-ze-retablie\/","title":{"rendered":"Cour supr\u00eame : L\u2019honorabilit\u00e9 de Gervais Mendo Ze r\u00e9tablie"},"content":{"rendered":"<div>\n<p>Le proc\u00e8s de Gervais Mendo ze s\u2019est poursuivi en d\u00e9pit de sa disparition. La Cour supr\u00eame a tenu une audience en date du 29 juin de l\u2019ann\u00e9e en cours. L\u2019audience a consist\u00e9 en l\u2019examen du recours introduit par l\u2019ex-directeur g\u00e9n\u00e9ral de la Crtv. Au terme du proc\u00e8s, il est d\u00e9cid\u00e9 de l\u2019exon\u00e9ration peines privatives de libert\u00e9 dont Gervais Mendo ze a \u00e9t\u00e9 l\u2019objet.<\/p>\n<p>Le requ\u00e9rant a, de son vivant, \u00e9t\u00e9 condamn\u00e9 \u00e0 20 ans d\u2019emprisonnement, dans une affaire relative \u00e0 la gestion de la redevance audio-visuelle. Sa premi\u00e8re audience a eu lieu le 08 novembre 2015. Gervais Mendo Ze a comparu avec 15 autres accus\u00e9s. Dans l\u2019intervalle, son coaccus\u00e9, Dieudonn\u00e9 Epo, a b\u00e9n\u00e9fici\u00e9 de l\u2019arr\u00eat des poursuites. Le 19 mars 2019, le ciel s\u2019assombrit pour le c\u00e9l\u00e8bre auteur de la chanson Assimba. Il est reconnu coupable d\u2019infractions de d\u00e9tournement de biens publics et coaction de pr\u00e8s de 33 milliards Fcfa. A cet effet, il est condamn\u00e9 \u00e0 20 ans d\u2019emprisonnement.\u00a0 Ses coaccus\u00e9s, Polycarpe Abah Abah, Jean Marie Akono Ze, et Jean Paul Amang \u00e0 Bitegni \u00e9copent de 18 ans d\u2019emprisonnement. L\u2019Etat du Cameroun r\u00e9clame\u00a0 la somme de 17 milliards Fcfa, au titre du pr\u00e9judice subi, non sans compter les d\u00e9pens, de l\u2019ordre de\u00a0 909 millions 671 mille 038 Fcfa. <\/p>\n<p>L\u2019arr\u00eat du Tribunal criminel sp\u00e9cial est contest\u00e9 par l\u2019accus\u00e9. Ainsi,\u00a0 Gervais Mendo Ze va se pourvoir en cassation aupr\u00e8s de la Cour supr\u00eame. Le recours n\u2019est pas examin\u00e9 de sit\u00f4t. La juridiction ne rendra son verdict qu\u2019apr\u00e8s le d\u00e9c\u00e8s du mis en cause, des suites de maladie \u00e0 l\u2019h\u00f4pital g\u00e9n\u00e9ral de Yaound\u00e9. Mais avant, des rumeurs au sujet de la gr\u00e2ce pr\u00e9sidentielle accord\u00e9e \u00e0 Gervais Mendo ze aura fait des vagues.<\/p>\n<p>L\u2019article <a rel=\"nofollow\" href=\"https:\/\/ecomatin.net\/cour-supreme-lhonorabilite-dde-gervais-mendo-ze-retablie\/\">Cour supr\u00eame : L\u2019honorabilit\u00e9 de Gervais Mendo Ze r\u00e9tablie<\/a> est apparu en premier sur <a rel=\"nofollow\" href=\"https:\/\/ecomatin.net\/\">EcoMatin<\/a>.<\/p>\n<\/div>\n<p>Auteur: EcoMatin<br \/>\n<a href=\"https:\/\/ecomatin.net\/cour-supreme-lhonorabilite-dde-gervais-mendo-ze-retablie\/\">Cliquez ici pour lire l&rsquo;article depuis sa source.<\/a><\/p>\n","protected":false},"excerpt":{"rendered":"<p>Le proc\u00e8s de Gervais Mendo ze s\u2019est poursuivi en d\u00e9pit de sa disparition. La Cour supr\u00eame a tenu une audience en date du 29 juin de l\u2019ann\u00e9e en cours. L\u2019audience a consist\u00e9 en l\u2019examen du recours introduit par l\u2019ex-directeur g\u00e9n\u00e9ral de la Crtv. Au terme du proc\u00e8s, il est d\u00e9cid\u00e9 de l\u2019exon\u00e9ration peines privatives de [&hellip;]<\/p>\n","protected":false},"author":1969,"featured_media":0,"comment_status":"closed","ping_status":"closed","sticky":false,"template":"","format":"standard","meta":{"fifu_image_url":"","fifu_image_alt":"","footnotes":""},"categories":[82,78],"tags":[],"class_list":["post-121046","post","type-post","status-publish","format-standard","hentry","category-cameroun","category-economie"],"_links":{"self":[{"href":"https:\/\/linitiative.ca\/International\/wp-json\/wp\/v2\/posts\/121046","targetHints":{"allow":["GET"]}}],"collection":[{"href":"https:\/\/linitiative.ca\/International\/wp-json\/wp\/v2\/posts"}],"about":[{"href":"https:\/\/linitiative.ca\/International\/wp-json\/wp\/v2\/types\/post"}],"author":[{"embeddable":true,"href":"https:\/\/linitiative.ca\/International\/wp-json\/wp\/v2\/users\/1969"}],"replies":[{"embeddable":true,"href":"https:\/\/linitiative.ca\/International\/wp-json\/wp\/v2\/comments?post=121046"}],"version-history":[{"count":0,"href":"https:\/\/linitiative.ca\/International\/wp-json\/wp\/v2\/posts\/121046\/revisions"}],"wp:attachment":[{"href":"https:\/\/linitiative.ca\/International\/wp-json\/wp\/v2\/media?parent=121046"}],"wp:term":[{"taxonomy":"category","embeddable":true,"href":"https:\/\/linitiative.ca\/International\/wp-json\/wp\/v2\/categories?post=121046"},{"taxonomy":"post_tag","embeddable":true,"href":"https:\/\/linitiative.ca\/International\/wp-json\/wp\/v2\/tags?post=121046"}],"curies":[{"name":"wp","href":"https:\/\/api.w.org\/{rel}","templated":true}]}}