{"id":121049,"date":"2021-07-10T17:36:53","date_gmt":"2021-07-10T21:36:53","guid":{"rendered":"https:\/\/linitiative.ca\/International\/coupe-de-la-caf-sm-le-roi-felicite-dans-un-entretien-telephonique-le-raja-club-athletic\/"},"modified":"2021-07-10T17:36:53","modified_gmt":"2021-07-10T21:36:53","slug":"coupe-de-la-caf-sm-le-roi-felicite-dans-un-entretien-telephonique-le-raja-club-athletic","status":"publish","type":"post","link":"https:\/\/linitiative.ca\/International\/coupe-de-la-caf-sm-le-roi-felicite-dans-un-entretien-telephonique-le-raja-club-athletic\/","title":{"rendered":"Coupe de la CAF: SM le Roi f\u00e9licite dans un entretien t\u00e9l\u00e9phonique le Raja Club Athletic"},"content":{"rendered":"<div>\n<p><img decoding=\"async\" width=\"300\" height=\"153\" src=\"https:\/\/linitiative.ca\/International\/wp-content\/uploads\/sites\/23\/2021\/07\/Sm-Le-Roi-Mohammed-Vi-Discours-300x153-1.jpg\" class=\"attachment-medium size-medium wp-post-image\" alt=\"\" loading=\"lazy\" srcset=\"\/\/aujourdhui.ma\/wp-content\/uploads\/2020\/08\/Sm-Le-Roi-Mohammed-Vi-Discours-300x153.jpg 300w, \/\/aujourdhui.ma\/wp-content\/uploads\/2020\/08\/Sm-Le-Roi-Mohammed-Vi-Discours-274x140.jpg 274w, \/\/aujourdhui.ma\/wp-content\/uploads\/2020\/08\/Sm-Le-Roi-Mohammed-Vi-Discours.jpg 746w, \/\/aujourdhui.ma\/wp-content\/uploads\/2020\/08\/Sm-Le-Roi-Mohammed-Vi-Discours-165x84.jpg 165w, \/\/aujourdhui.ma\/wp-content\/uploads\/2020\/08\/Sm-Le-Roi-Mohammed-Vi-Discours-702x358.jpg 702w\" sizes=\"auto, (max-width: 300px) 100vw, 300px\"><\/p>\n<p>Suite \u00e0 la cons\u00e9cration du Raja Club Athletic en finale de la Coupe de la Conf\u00e9d\u00e9ration Africaine de Football (CAF-2021), Sa Majest\u00e9 le Roi Mohammed VI, que Dieu L\u2019assiste, S\u2019est entretenu au t\u00e9l\u00e9phone avec le pr\u00e9sident du club, Rachid Andaloussi, et l\u2019entra\u00eeneur de l\u2019\u00e9quipe, Lassaad Chabbi, leur exprimant Ses vives f\u00e9licitations pour ce sacre qui survient au terme d\u2019un brillant parcours.<span id=\"more-381372\"><\/span><\/p>\n<p>Lors de cet entretien t\u00e9l\u00e9phonique, qui a eu lieu \u00e0 l\u2019issue du match tenu samedi soir au stade de l\u2019Amiti\u00e9 \u00e0 Cotonou (B\u00e9nin) contre l\u2019\u00e9quipe alg\u00e9rienne de la Jeunesse sportive de Kabylie, le Souverain a charg\u00e9 le pr\u00e9sident et l\u2019entra\u00eeneur de transmettre Ses f\u00e9licitations aux joueurs, au staff et aux supporters de l\u2019\u00e9quipe du Raja pour cet important triomphe, motif de fiert\u00e9 pour l\u2019ensemble du public sportif et tout le peuple Marocain.<\/p>\n<\/div>\n<p>Auteur: ALM<br \/>\n<a href=\"https:\/\/aujourdhui.ma\/actualite\/coupe-de-la-caf-sm-le-roi-felicite-dans-un-entretien-telephonique-le-raja-club-athletic-1\">Cliquez ici pour lire l&rsquo;article depuis sa source.<\/a><\/p>\n","protected":false},"excerpt":{"rendered":"<p>Suite \u00e0 la cons\u00e9cration du Raja Club Athletic en finale de la Coupe de la Conf\u00e9d\u00e9ration Africaine de Football (CAF-2021), Sa Majest\u00e9 le Roi Mohammed VI, que Dieu L\u2019assiste, S\u2019est entretenu au t\u00e9l\u00e9phone avec le pr\u00e9sident du club, Rachid Andaloussi, et l\u2019entra\u00eeneur de l\u2019\u00e9quipe, Lassaad Chabbi, leur exprimant Ses vives f\u00e9licitations pour ce sacre qui [&hellip;]<\/p>\n","protected":false},"author":1759,"featured_media":0,"comment_status":"closed","ping_status":"closed","sticky":false,"template":"","format":"standard","meta":{"fifu_image_url":"https:\/\/aujourdhui.ma\/wp-content\/uploads\/2020\/08\/Sm-Le-Roi-Mohammed-Vi-Discours-300x153.jpg","fifu_image_alt":"Coupe de la CAF: SM le Roi f\u00e9licite dans un entretien t\u00e9l\u00e9phonique le Raja Club Athletic","footnotes":""},"categories":[73,54],"tags":[],"class_list":["post-121049","post","type-post","status-publish","format-standard","hentry","category-actualite","category-maroc"],"_links":{"self":[{"href":"https:\/\/linitiative.ca\/International\/wp-json\/wp\/v2\/posts\/121049","targetHints":{"allow":["GET"]}}],"collection":[{"href":"https:\/\/linitiative.ca\/International\/wp-json\/wp\/v2\/posts"}],"about":[{"href":"https:\/\/linitiative.ca\/International\/wp-json\/wp\/v2\/types\/post"}],"author":[{"embeddable":true,"href":"https:\/\/linitiative.ca\/International\/wp-json\/wp\/v2\/users\/1759"}],"replies":[{"embeddable":true,"href":"https:\/\/linitiative.ca\/International\/wp-json\/wp\/v2\/comments?post=121049"}],"version-history":[{"count":0,"href":"https:\/\/linitiative.ca\/International\/wp-json\/wp\/v2\/posts\/121049\/revisions"}],"wp:attachment":[{"href":"https:\/\/linitiative.ca\/International\/wp-json\/wp\/v2\/media?parent=121049"}],"wp:term":[{"taxonomy":"category","embeddable":true,"href":"https:\/\/linitiative.ca\/International\/wp-json\/wp\/v2\/categories?post=121049"},{"taxonomy":"post_tag","embeddable":true,"href":"https:\/\/linitiative.ca\/International\/wp-json\/wp\/v2\/tags?post=121049"}],"curies":[{"name":"wp","href":"https:\/\/api.w.org\/{rel}","templated":true}]}}