{"id":121063,"date":"2021-07-11T07:00:00","date_gmt":"2021-07-11T11:00:00","guid":{"rendered":"https:\/\/linitiative.ca\/International\/la-nouvelle-cite-universitaire-prete-a-la-rentree\/"},"modified":"2021-07-11T07:00:00","modified_gmt":"2021-07-11T11:00:00","slug":"la-nouvelle-cite-universitaire-prete-a-la-rentree","status":"publish","type":"post","link":"https:\/\/linitiative.ca\/International\/la-nouvelle-cite-universitaire-prete-a-la-rentree\/","title":{"rendered":"La nouvelle cit\u00e9 universitaire pr\u00eate \u00e0 la rentr\u00e9e"},"content":{"rendered":"<div>Moins de deux semaines apr\u00e8s la visite du chantier de r\u00e9alisation de la nouvelle r\u00e9sidence universitaire de 2000 lits, le wali Djahid Mous s&rsquo;est rendu sur les lieux de nouveau<\/div>\n<p>Auteur:<br \/>\n<a href=\"https:\/\/www.liberte-algerie.com\/centre\/la-nouvelle-cite-universitaire-prete-a-la-rentree-361730\">Cliquez ici pour lire l&rsquo;article depuis sa source.<\/a><\/p>\n","protected":false},"excerpt":{"rendered":"<p>Moins de deux semaines apr\u00e8s la visite du chantier de r\u00e9alisation de la nouvelle r\u00e9sidence universitaire de 2000 lits, le wali Djahid Mous s&rsquo;est rendu sur les lieux de nouveau Auteur: Cliquez ici pour lire l&rsquo;article depuis sa source.<\/p>\n","protected":false},"author":1742,"featured_media":0,"comment_status":"closed","ping_status":"closed","sticky":false,"template":"","format":"standard","meta":{"fifu_image_url":"","fifu_image_alt":"","footnotes":""},"categories":[73,53],"tags":[],"class_list":["post-121063","post","type-post","status-publish","format-standard","hentry","category-actualite","category-algerie"],"_links":{"self":[{"href":"https:\/\/linitiative.ca\/International\/wp-json\/wp\/v2\/posts\/121063","targetHints":{"allow":["GET"]}}],"collection":[{"href":"https:\/\/linitiative.ca\/International\/wp-json\/wp\/v2\/posts"}],"about":[{"href":"https:\/\/linitiative.ca\/International\/wp-json\/wp\/v2\/types\/post"}],"author":[{"embeddable":true,"href":"https:\/\/linitiative.ca\/International\/wp-json\/wp\/v2\/users\/1742"}],"replies":[{"embeddable":true,"href":"https:\/\/linitiative.ca\/International\/wp-json\/wp\/v2\/comments?post=121063"}],"version-history":[{"count":0,"href":"https:\/\/linitiative.ca\/International\/wp-json\/wp\/v2\/posts\/121063\/revisions"}],"wp:attachment":[{"href":"https:\/\/linitiative.ca\/International\/wp-json\/wp\/v2\/media?parent=121063"}],"wp:term":[{"taxonomy":"category","embeddable":true,"href":"https:\/\/linitiative.ca\/International\/wp-json\/wp\/v2\/categories?post=121063"},{"taxonomy":"post_tag","embeddable":true,"href":"https:\/\/linitiative.ca\/International\/wp-json\/wp\/v2\/tags?post=121063"}],"curies":[{"name":"wp","href":"https:\/\/api.w.org\/{rel}","templated":true}]}}