{"id":121067,"date":"2021-07-10T20:50:09","date_gmt":"2021-07-11T00:50:09","guid":{"rendered":"https:\/\/linitiative.ca\/International\/laid-al-adha-sera-celebre-le-21-juillet\/"},"modified":"2021-07-10T20:50:09","modified_gmt":"2021-07-11T00:50:09","slug":"laid-al-adha-sera-celebre-le-21-juillet","status":"publish","type":"post","link":"https:\/\/linitiative.ca\/International\/laid-al-adha-sera-celebre-le-21-juillet\/","title":{"rendered":"L\u2019A\u00efd Al Adha sera c\u00e9l\u00e9br\u00e9 le 21 juillet"},"content":{"rendered":"<div>\n<div style=\"margin-bottom:20px;\"><img loading=\"lazy\" decoding=\"async\" width=\"750\" height=\"430\" src=\"https:\/\/linitiative.ca\/International\/wp-content\/uploads\/sites\/23\/2021\/07\/ministere-des-habous-1.jpg\" class=\"attachment-post-thumbnail size-post-thumbnail wp-post-image\" alt=\"\" srcset=\"https:\/\/linitiative.ca\/International\/wp-content\/uploads\/sites\/23\/2021\/07\/ministere-des-habous-1.jpg 750w, http:\/\/www.mapmarrakech.ma\/map\/uploads\/2021\/07\/ministere-des-habous-1-300x172.jpg 300w\" sizes=\"auto, (max-width: 750px) 100vw, 750px\"><\/div>\n<p>Dans un communiqu\u00e9, le minist\u00e8re indique que le croissant lunaire annon\u00e7ant le mois de Dou Al Hijja de l\u2019an 1442 de l\u2019H\u00e9gire n\u2019a pas \u00e9t\u00e9 observ\u00e9 samedi soir (10 juillet) et par cons\u00e9quent l\u2019A\u00efd Al Adha sera c\u00e9l\u00e9br\u00e9 le 10 Dou Al Hijja 1442 correspondant au 21 juillet 2021.<\/p>\n<p>Puisse Dieu combler en ce mois b\u00e9ni de Ses bienfaits SM le Roi Mohammed VI, Amir Al Mouminine, et renouveler pareilles occasions pour le Souverain dans la gloire et pour SAR le Prince H\u00e9ritier Moulay El Hassan et l\u2019ensemble des membres de l\u2019Illustre Famille royale dans le bien-\u00eatre et pour le peuple marocain et la Oumma islamique dans le progr\u00e8s et la prosp\u00e9rit\u00e9, conclut le communiqu\u00e9.<\/p>\n<p>The post <a rel=\"nofollow\" href=\"http:\/\/www.mapmarrakech.ma\/fr\/le-1er-dou-al-hijja-12-juillet-et-laid-al-adha-le-21-juillet\/\">L\u2019A\u00efd Al Adha sera c\u00e9l\u00e9br\u00e9 le 21 juillet<\/a> appeared first on <a rel=\"nofollow\" href=\"http:\/\/www.mapmarrakech.ma\/fr\">MapMarrakech<\/a>.<\/p>\n<\/div>\n<p>Auteur: Meriem IGASS<br \/>\n<a href=\"http:\/\/www.mapmarrakech.ma\/fr\/le-1er-dou-al-hijja-12-juillet-et-laid-al-adha-le-21-juillet\/\">Cliquez ici pour lire l&rsquo;article depuis sa source.<\/a><\/p>\n","protected":false},"excerpt":{"rendered":"<p>Dans un communiqu\u00e9, le minist\u00e8re indique que le croissant lunaire annon\u00e7ant le mois de Dou Al Hijja de l\u2019an 1442 de l\u2019H\u00e9gire n\u2019a pas \u00e9t\u00e9 observ\u00e9 samedi soir (10 juillet) et par cons\u00e9quent l\u2019A\u00efd Al Adha sera c\u00e9l\u00e9br\u00e9 le 10 Dou Al Hijja 1442 correspondant au 21 juillet 2021. Puisse Dieu combler en ce mois [&hellip;]<\/p>\n","protected":false},"author":1788,"featured_media":0,"comment_status":"closed","ping_status":"closed","sticky":false,"template":"","format":"standard","meta":{"fifu_image_url":"http:\/\/www.mapmarrakech.ma\/map\/uploads\/2021\/07\/ministere-des-habous-1.jpg","fifu_image_alt":"L\u2019A\u00efd Al Adha sera c\u00e9l\u00e9br\u00e9 le 21 juillet","footnotes":""},"categories":[54,76],"tags":[],"class_list":["post-121067","post","type-post","status-publish","format-standard","hentry","category-maroc","category-regions"],"_links":{"self":[{"href":"https:\/\/linitiative.ca\/International\/wp-json\/wp\/v2\/posts\/121067","targetHints":{"allow":["GET"]}}],"collection":[{"href":"https:\/\/linitiative.ca\/International\/wp-json\/wp\/v2\/posts"}],"about":[{"href":"https:\/\/linitiative.ca\/International\/wp-json\/wp\/v2\/types\/post"}],"author":[{"embeddable":true,"href":"https:\/\/linitiative.ca\/International\/wp-json\/wp\/v2\/users\/1788"}],"replies":[{"embeddable":true,"href":"https:\/\/linitiative.ca\/International\/wp-json\/wp\/v2\/comments?post=121067"}],"version-history":[{"count":0,"href":"https:\/\/linitiative.ca\/International\/wp-json\/wp\/v2\/posts\/121067\/revisions"}],"wp:attachment":[{"href":"https:\/\/linitiative.ca\/International\/wp-json\/wp\/v2\/media?parent=121067"}],"wp:term":[{"taxonomy":"category","embeddable":true,"href":"https:\/\/linitiative.ca\/International\/wp-json\/wp\/v2\/categories?post=121067"},{"taxonomy":"post_tag","embeddable":true,"href":"https:\/\/linitiative.ca\/International\/wp-json\/wp\/v2\/tags?post=121067"}],"curies":[{"name":"wp","href":"https:\/\/api.w.org\/{rel}","templated":true}]}}