{"id":121069,"date":"2021-07-10T21:14:28","date_gmt":"2021-07-11T01:14:28","guid":{"rendered":"https:\/\/linitiative.ca\/International\/sm-le-roi-felicite-le-raja-club-athletic-suite-a-sa-consecration-a-la-coupe-de-la-caf\/"},"modified":"2021-07-10T21:14:28","modified_gmt":"2021-07-11T01:14:28","slug":"sm-le-roi-felicite-le-raja-club-athletic-suite-a-sa-consecration-a-la-coupe-de-la-caf","status":"publish","type":"post","link":"https:\/\/linitiative.ca\/International\/sm-le-roi-felicite-le-raja-club-athletic-suite-a-sa-consecration-a-la-coupe-de-la-caf\/","title":{"rendered":"SM le Roi f\u00e9licite le Raja Club Athletic suite \u00e0 sa cons\u00e9cration \u00e0 la Coupe de la CAF"},"content":{"rendered":"<div>\n<div style=\"margin-bottom:20px;\"><img loading=\"lazy\" decoding=\"async\" width=\"750\" height=\"430\" src=\"https:\/\/linitiative.ca\/International\/wp-content\/uploads\/sites\/23\/2021\/07\/Portrait-SM-le-Roi-coupe.jpg\" class=\"attachment-post-thumbnail size-post-thumbnail wp-post-image\" alt=\"\" srcset=\"https:\/\/linitiative.ca\/International\/wp-content\/uploads\/sites\/23\/2021\/07\/Portrait-SM-le-Roi-coupe.jpg 750w, http:\/\/www.mapmarrakech.ma\/map\/uploads\/2021\/07\/Portrait-SM-le-Roi-coupe-300x172.jpg 300w\" sizes=\"auto, (max-width: 750px) 100vw, 750px\"><\/div>\n<p>Dans ce message, le Souverain a fait part de Ses vives f\u00e9licitations au Club casablancais, sa direction, ses cadres administratifs et techniques et son public, pour cette victoire et cette cons\u00e9cration continentale m\u00e9rit\u00e9e.<\/p>\n<p>Sa Majest\u00e9 le Roi salue ce grand exploit continental, qui honore le football marocain et qui vient couronner les efforts continus d\u00e9ploy\u00e9s par les membres de l\u2019\u00e9quipe, ainsi que la discipline et la comp\u00e9titivit\u00e9 dont ils ont fait preuve tout au long de ce championnat africain.<\/p>\n<p>De m\u00eame, SM le Roi S\u2019est dit confiant que ce sacre constituera un facteur de motivation des membres du club casablancais pour redoubler d\u2019efforts et signer de nouvelles performances, ce qui est de nature \u00e0 inscrire de nouveaux titres au palmar\u00e8s du Raja, d\u00e9j\u00e0 riche de distinctions r\u00e9gionales, continentales et internationales.<\/p>\n<p>The post <a rel=\"nofollow\" href=\"http:\/\/www.mapmarrakech.ma\/fr\/sm-le-roi-felicite-le-raja-club-athletic-suite-a-sa-consecration-a-la-coupe-de-la-caf\/\">SM le Roi f\u00e9licite le Raja Club Athletic suite \u00e0 sa cons\u00e9cration \u00e0 la Coupe de la CAF<\/a> appeared first on <a rel=\"nofollow\" href=\"http:\/\/www.mapmarrakech.ma\/fr\">MapMarrakech<\/a>.<\/p>\n<\/div>\n<p>Auteur: Meriem IGASS<br \/>\n<a href=\"http:\/\/www.mapmarrakech.ma\/fr\/sm-le-roi-felicite-le-raja-club-athletic-suite-a-sa-consecration-a-la-coupe-de-la-caf\/\">Cliquez ici pour lire l&rsquo;article depuis sa source.<\/a><\/p>\n","protected":false},"excerpt":{"rendered":"<p>Dans ce message, le Souverain a fait part de Ses vives f\u00e9licitations au Club casablancais, sa direction, ses cadres administratifs et techniques et son public, pour cette victoire et cette cons\u00e9cration continentale m\u00e9rit\u00e9e. Sa Majest\u00e9 le Roi salue ce grand exploit continental, qui honore le football marocain et qui vient couronner les efforts continus d\u00e9ploy\u00e9s [&hellip;]<\/p>\n","protected":false},"author":1788,"featured_media":0,"comment_status":"closed","ping_status":"closed","sticky":false,"template":"","format":"standard","meta":{"fifu_image_url":"http:\/\/www.mapmarrakech.ma\/map\/uploads\/2021\/07\/Portrait-SM-le-Roi-coupe.jpg","fifu_image_alt":"SM le Roi f\u00e9licite le Raja Club Athletic suite \u00e0 sa cons\u00e9cration \u00e0 la Coupe de la CAF","footnotes":""},"categories":[54,76],"tags":[],"class_list":["post-121069","post","type-post","status-publish","format-standard","hentry","category-maroc","category-regions"],"_links":{"self":[{"href":"https:\/\/linitiative.ca\/International\/wp-json\/wp\/v2\/posts\/121069","targetHints":{"allow":["GET"]}}],"collection":[{"href":"https:\/\/linitiative.ca\/International\/wp-json\/wp\/v2\/posts"}],"about":[{"href":"https:\/\/linitiative.ca\/International\/wp-json\/wp\/v2\/types\/post"}],"author":[{"embeddable":true,"href":"https:\/\/linitiative.ca\/International\/wp-json\/wp\/v2\/users\/1788"}],"replies":[{"embeddable":true,"href":"https:\/\/linitiative.ca\/International\/wp-json\/wp\/v2\/comments?post=121069"}],"version-history":[{"count":0,"href":"https:\/\/linitiative.ca\/International\/wp-json\/wp\/v2\/posts\/121069\/revisions"}],"wp:attachment":[{"href":"https:\/\/linitiative.ca\/International\/wp-json\/wp\/v2\/media?parent=121069"}],"wp:term":[{"taxonomy":"category","embeddable":true,"href":"https:\/\/linitiative.ca\/International\/wp-json\/wp\/v2\/categories?post=121069"},{"taxonomy":"post_tag","embeddable":true,"href":"https:\/\/linitiative.ca\/International\/wp-json\/wp\/v2\/tags?post=121069"}],"curies":[{"name":"wp","href":"https:\/\/api.w.org\/{rel}","templated":true}]}}