{"id":121071,"date":"2021-07-11T11:42:08","date_gmt":"2021-07-11T15:42:08","guid":{"rendered":"https:\/\/linitiative.ca\/International\/vague-de-chaleur-du-dimanche-a-lundi-30c-47c\/"},"modified":"2021-07-11T11:42:08","modified_gmt":"2021-07-11T15:42:08","slug":"vague-de-chaleur-du-dimanche-a-lundi-30c-47c","status":"publish","type":"post","link":"https:\/\/linitiative.ca\/International\/vague-de-chaleur-du-dimanche-a-lundi-30c-47c\/","title":{"rendered":"Vague de chaleur du dimanche \u00e0 lundi (30\u00b0C-47\u00b0C)"},"content":{"rendered":"<div>\n<div style=\"margin-bottom:20px;\"><img loading=\"lazy\" decoding=\"async\" width=\"750\" height=\"430\" src=\"https:\/\/linitiative.ca\/International\/wp-content\/uploads\/sites\/23\/2021\/07\/soleil-2.jpg\" class=\"attachment-post-thumbnail size-post-thumbnail wp-post-image\" alt=\"\" srcset=\"https:\/\/linitiative.ca\/International\/wp-content\/uploads\/sites\/23\/2021\/07\/soleil-2.jpg 750w, http:\/\/www.mapmarrakech.ma\/map\/uploads\/2021\/07\/soleil-300x172.jpg 300w\" sizes=\"auto, (max-width: 750px) 100vw, 750px\"><\/div>\n<p>Ainsi, des temp\u00e9ratures variant entre 44 et 47\u00b0C concerneront, dimanche, les provinces de Sidi Kacem, Sidi Slimane, Taounate, Ouezzane, F\u00e8s, Mekn\u00e8s, Moulay Yacoub, Sefrou, Khemisset, Settat, El Kelaa des Sraghna, Fquih Ben Salah, Beni Mellal, Taourirt, Guercif, Oujda-Angad, Taroudant, Assa-Zag, Es-Semara, Tata, Errachidia et Zagora, indique la DGM dans un bulletin d\u2019alerte m\u00e9t\u00e9orologique faisant \u00e9tat d\u2019un niveau de vigilance orange.<\/p>\n<p>Durant la m\u00eame validit\u00e9, les provinces d\u2019Agadir-Ida-Ou-Tanane, Kenitra, Larache, El Hajeb, Chichaoua, Rehamna, Youssoufia, Sidi Bennour, Marrakech, Driouch, Chefchaouen, Khenifra, Khouribga, Essaouira (int\u00e9rieur), Nouaceur, Guelmim, Tan-Tan, Jerada et Taza conna\u00eetront des temp\u00e9ratures variant entre 40 et 44\u00b0C, pr\u00e9cise la m\u00eame source.<\/p>\n<p>D\u2019autre part, des temp\u00e9ratures oscillant entre 30 et 36\u00b0C sont attendues dans les provinces d\u2019Al Hoceima, Casablanca, Mohammadia, El Jadida, Rabat, Sal\u00e9, Nador, Berkane, Skhirate-Temara et Tanger-Assilah, ajoute la DGM.<\/p>\n<p>Les temp\u00e9ratures oscilleront lundi entre 42 et 46\u00b0C dans les provinces de Taroudant, Guelmim, Tan-Tan, Assa-Zag, Es-Semara, Laayoune, Boujdour, Oued Ed-dahab, Tata, Errachidia, Fquih Ben Salah, Beni Mellal, Marrakech, Youssoufia, Guercif, Oujda-Angad, Taourirt, Boulemane, Chichaoua, Chtouka-Ait Baha, Inezgane-Ait Melloul, Tiznit et Zagora.<\/p>\n<p>Par ailleurs, le communiqu\u00e9 indique que des averses orageuses localement fortes (de 20 \u00e0 30 mm) concerneront, ce dimanche de 15h \u00e0 22h, les provinces d\u2019Al Haouz, Chichaoua, Chtouka- Ait Baha, Taroudant, Tata, Tiznit et Youssoufia, faisant \u00e9tat d\u2019un niveau de vigilance orange.<\/p>\n<p>The post <a rel=\"nofollow\" href=\"http:\/\/www.mapmarrakech.ma\/fr\/vague-de-chaleur-du-dimanche-a-lundi-30c-47c\/\">Vague de chaleur du dimanche \u00e0 lundi (30\u00b0C-47\u00b0C)<\/a> appeared first on <a rel=\"nofollow\" href=\"http:\/\/www.mapmarrakech.ma\/fr\">MapMarrakech<\/a>.<\/p>\n<\/div>\n<p>Auteur: Meriem IGASS<br \/>\n<a href=\"http:\/\/www.mapmarrakech.ma\/fr\/vague-de-chaleur-du-dimanche-a-lundi-30c-47c\/\">Cliquez ici pour lire l&rsquo;article depuis sa source.<\/a><\/p>\n","protected":false},"excerpt":{"rendered":"<p>Ainsi, des temp\u00e9ratures variant entre 44 et 47\u00b0C concerneront, dimanche, les provinces de Sidi Kacem, Sidi Slimane, Taounate, Ouezzane, F\u00e8s, Mekn\u00e8s, Moulay Yacoub, Sefrou, Khemisset, Settat, El Kelaa des Sraghna, Fquih Ben Salah, Beni Mellal, Taourirt, Guercif, Oujda-Angad, Taroudant, Assa-Zag, Es-Semara, Tata, Errachidia et Zagora, indique la DGM dans un bulletin d\u2019alerte m\u00e9t\u00e9orologique faisant \u00e9tat [&hellip;]<\/p>\n","protected":false},"author":1788,"featured_media":0,"comment_status":"closed","ping_status":"closed","sticky":false,"template":"","format":"standard","meta":{"fifu_image_url":"http:\/\/www.mapmarrakech.ma\/map\/uploads\/2021\/07\/soleil.jpg","fifu_image_alt":"Vague de chaleur du dimanche \u00e0 lundi (30\u00b0C-47\u00b0C)","footnotes":""},"categories":[54,76],"tags":[],"class_list":["post-121071","post","type-post","status-publish","format-standard","hentry","category-maroc","category-regions"],"_links":{"self":[{"href":"https:\/\/linitiative.ca\/International\/wp-json\/wp\/v2\/posts\/121071","targetHints":{"allow":["GET"]}}],"collection":[{"href":"https:\/\/linitiative.ca\/International\/wp-json\/wp\/v2\/posts"}],"about":[{"href":"https:\/\/linitiative.ca\/International\/wp-json\/wp\/v2\/types\/post"}],"author":[{"embeddable":true,"href":"https:\/\/linitiative.ca\/International\/wp-json\/wp\/v2\/users\/1788"}],"replies":[{"embeddable":true,"href":"https:\/\/linitiative.ca\/International\/wp-json\/wp\/v2\/comments?post=121071"}],"version-history":[{"count":0,"href":"https:\/\/linitiative.ca\/International\/wp-json\/wp\/v2\/posts\/121071\/revisions"}],"wp:attachment":[{"href":"https:\/\/linitiative.ca\/International\/wp-json\/wp\/v2\/media?parent=121071"}],"wp:term":[{"taxonomy":"category","embeddable":true,"href":"https:\/\/linitiative.ca\/International\/wp-json\/wp\/v2\/categories?post=121071"},{"taxonomy":"post_tag","embeddable":true,"href":"https:\/\/linitiative.ca\/International\/wp-json\/wp\/v2\/tags?post=121071"}],"curies":[{"name":"wp","href":"https:\/\/api.w.org\/{rel}","templated":true}]}}