{"id":121073,"date":"2021-07-11T09:50:08","date_gmt":"2021-07-11T13:50:08","guid":{"rendered":"https:\/\/linitiative.ca\/International\/rabat-la-police-sattaque-a-la-pratique-du-drift-dans-les-rues-de-la-capitale\/"},"modified":"2021-07-11T09:50:08","modified_gmt":"2021-07-11T13:50:08","slug":"rabat-la-police-sattaque-a-la-pratique-du-drift-dans-les-rues-de-la-capitale","status":"publish","type":"post","link":"https:\/\/linitiative.ca\/International\/rabat-la-police-sattaque-a-la-pratique-du-drift-dans-les-rues-de-la-capitale\/","title":{"rendered":"Rabat: La police s\u2019attaque \u00e0 la pratique du drift dans les rues de la capitale"},"content":{"rendered":"<div>\n<div class=\"field field-name-body field-type-text-with-summary field-label-hidden\">\n<div class=\"field-items\">\n<div class=\"field-item even\" property=\"content:encoded\">\n<p class=\"rtejustify\">Les \u00e9l\u00e9ments de la pr\u00e9fecture de police de Rabat ont interpell\u00e9, vendredi dernier, dans la soir\u00e9e, 33 individus en flagrant d\u00e9lit de violation de l&rsquo;\u00e9tat d&rsquo;urgence sanitaire, en conduisant leurs voitures d&rsquo;une fa\u00e7on spectaculaire et dangereuse qui menace la s\u00e9curit\u00e9 des citoyens.<\/p>\n<\/div>\n<\/div>\n<\/div>\n<\/div>\n<p>Auteur: hgueye<br \/>\n<a href=\"https:\/\/www.leconomiste.com\/flash-infos\/rabat-la-police-s-attaque-la-pratique-du-drift-dans-les-rues-de-la-capitale\">Cliquez ici pour lire l&rsquo;article depuis sa source.<\/a><\/p>\n","protected":false},"excerpt":{"rendered":"<p>Les \u00e9l\u00e9ments de la pr\u00e9fecture de police de Rabat ont interpell\u00e9, vendredi dernier, dans la soir\u00e9e, 33 individus en flagrant d\u00e9lit de violation de l&rsquo;\u00e9tat d&rsquo;urgence sanitaire, en conduisant leurs voitures d&rsquo;une fa\u00e7on spectaculaire et dangereuse qui menace la s\u00e9curit\u00e9 des citoyens. Auteur: hgueye Cliquez ici pour lire l&rsquo;article depuis sa source.<\/p>\n","protected":false},"author":1763,"featured_media":0,"comment_status":"closed","ping_status":"closed","sticky":false,"template":"","format":"standard","meta":{"fifu_image_url":"","fifu_image_alt":"","footnotes":""},"categories":[78,54],"tags":[],"class_list":["post-121073","post","type-post","status-publish","format-standard","hentry","category-economie","category-maroc"],"_links":{"self":[{"href":"https:\/\/linitiative.ca\/International\/wp-json\/wp\/v2\/posts\/121073","targetHints":{"allow":["GET"]}}],"collection":[{"href":"https:\/\/linitiative.ca\/International\/wp-json\/wp\/v2\/posts"}],"about":[{"href":"https:\/\/linitiative.ca\/International\/wp-json\/wp\/v2\/types\/post"}],"author":[{"embeddable":true,"href":"https:\/\/linitiative.ca\/International\/wp-json\/wp\/v2\/users\/1763"}],"replies":[{"embeddable":true,"href":"https:\/\/linitiative.ca\/International\/wp-json\/wp\/v2\/comments?post=121073"}],"version-history":[{"count":0,"href":"https:\/\/linitiative.ca\/International\/wp-json\/wp\/v2\/posts\/121073\/revisions"}],"wp:attachment":[{"href":"https:\/\/linitiative.ca\/International\/wp-json\/wp\/v2\/media?parent=121073"}],"wp:term":[{"taxonomy":"category","embeddable":true,"href":"https:\/\/linitiative.ca\/International\/wp-json\/wp\/v2\/categories?post=121073"},{"taxonomy":"post_tag","embeddable":true,"href":"https:\/\/linitiative.ca\/International\/wp-json\/wp\/v2\/tags?post=121073"}],"curies":[{"name":"wp","href":"https:\/\/api.w.org\/{rel}","templated":true}]}}