{"id":121074,"date":"2021-07-11T10:33:56","date_gmt":"2021-07-11T14:33:56","guid":{"rendered":"https:\/\/linitiative.ca\/International\/lemprunt-national-reporte\/"},"modified":"2021-07-11T10:33:56","modified_gmt":"2021-07-11T14:33:56","slug":"lemprunt-national-reporte","status":"publish","type":"post","link":"https:\/\/linitiative.ca\/International\/lemprunt-national-reporte\/","title":{"rendered":"L&#8217;emprunt national report\u00e9"},"content":{"rendered":"<div>\n<div class=\"field field-name-body field-type-text-with-summary field-label-hidden\">\n<div class=\"field-items\">\n<div class=\"field-item even\" property=\"content:encoded\">\n<p class=\"rtejustify\">Cela devait \u00eatre l&rsquo;une des op\u00e9rations phares pour financer la relance post-covid. Pr\u00e9vu initialement d\u00e9but juillet, l&#8217;emprunt national a \u00e9t\u00e9 report\u00e9. Il pourrait intervenir \u00e0 la rentr\u00e9e prochaine.<\/p>\n<p class=\"rtejustify\"><em><strong>F.Fa.<\/strong><\/em><\/p>\n<\/div>\n<\/div>\n<\/div>\n<\/div>\n<p>Auteur: hgueye<br \/>\n<a href=\"https:\/\/www.leconomiste.com\/flash-infos\/l-emprunt-national-reporte\">Cliquez ici pour lire l&rsquo;article depuis sa source.<\/a><\/p>\n","protected":false},"excerpt":{"rendered":"<p>Cela devait \u00eatre l&rsquo;une des op\u00e9rations phares pour financer la relance post-covid. Pr\u00e9vu initialement d\u00e9but juillet, l&#8217;emprunt national a \u00e9t\u00e9 report\u00e9. Il pourrait intervenir \u00e0 la rentr\u00e9e prochaine. F.Fa. Auteur: hgueye Cliquez ici pour lire l&rsquo;article depuis sa source.<\/p>\n","protected":false},"author":1763,"featured_media":0,"comment_status":"closed","ping_status":"closed","sticky":false,"template":"","format":"standard","meta":{"fifu_image_url":"","fifu_image_alt":"","footnotes":""},"categories":[78,54],"tags":[],"class_list":["post-121074","post","type-post","status-publish","format-standard","hentry","category-economie","category-maroc"],"_links":{"self":[{"href":"https:\/\/linitiative.ca\/International\/wp-json\/wp\/v2\/posts\/121074","targetHints":{"allow":["GET"]}}],"collection":[{"href":"https:\/\/linitiative.ca\/International\/wp-json\/wp\/v2\/posts"}],"about":[{"href":"https:\/\/linitiative.ca\/International\/wp-json\/wp\/v2\/types\/post"}],"author":[{"embeddable":true,"href":"https:\/\/linitiative.ca\/International\/wp-json\/wp\/v2\/users\/1763"}],"replies":[{"embeddable":true,"href":"https:\/\/linitiative.ca\/International\/wp-json\/wp\/v2\/comments?post=121074"}],"version-history":[{"count":0,"href":"https:\/\/linitiative.ca\/International\/wp-json\/wp\/v2\/posts\/121074\/revisions"}],"wp:attachment":[{"href":"https:\/\/linitiative.ca\/International\/wp-json\/wp\/v2\/media?parent=121074"}],"wp:term":[{"taxonomy":"category","embeddable":true,"href":"https:\/\/linitiative.ca\/International\/wp-json\/wp\/v2\/categories?post=121074"},{"taxonomy":"post_tag","embeddable":true,"href":"https:\/\/linitiative.ca\/International\/wp-json\/wp\/v2\/tags?post=121074"}],"curies":[{"name":"wp","href":"https:\/\/api.w.org\/{rel}","templated":true}]}}